{"id":99112,"date":"2020-01-29T11:01:21","date_gmt":"2020-01-29T10:01:21","guid":{"rendered":"https:\/\/www.iemj.org\/decile-a-mi-amor\/"},"modified":"2025-09-16T11:16:12","modified_gmt":"2025-09-16T09:16:12","slug":"decile-a-mi-amor","status":"publish","type":"post","link":"https:\/\/www.iemj.org\/it\/decile-a-mi-amor\/","title":{"rendered":"Decile a mi Amor"},"content":{"rendered":"<p>Questa raccolta, sostenuta dal Centro per il Patrimonio Ebraico di Salonicco e di Grecia, \u00e8 stata realizzata sotto la direzione artistica della rinomata ricercatrice ed etnomusicologa israeliana <a href=\"https:\/\/www.iemj.org\/it\/weich-shahak-susana\/\" target=\"_blank\" rel=\"noopener\">Susana Weich-Shahak<\/a>, che ha raccolto registrazioni di cantanti sefarditi da tutto il mondo (in Israele, Per\u00f9, Spagna ed Argentina) per rendere omaggio alla ricca tradizione musicale sefardita della citt\u00e0 di Tetouan, il centro spirituale dell&#8217;ebraismo nel nord del Marocco<\/p>\n<p>Le canzoni sono interpretate dal talentuoso Orit Perlman, accompagnato dai due musicisti Zeev Yaniv e Yarden Erez (quest&#8217;ultimo responsabile degli arrangiamenti), che suonano strumenti tradizionali (ud, darbouka e tamburo a cornice), oltre a fisarmonica, chitarra e violino<\/p>\n<p>Include i tre generi musicali tradizionali che si trovano abitualmente nel repertorio giudeo-spagnolo: romanze, coplas e cantigas, oltre a canzoni composte all&#8217;inizio del XX secolo.<\/p>\n<h2><strong><a href=\"https:\/\/www.iemj.org\/it\/produit\/decile-a-mi-amor-judeo-spanish-songs-from-tetuan\/\" target=\"_blank\" rel=\"noopener\">Ordinare il CD nel negozio del IEMJ<\/a><\/strong><\/h2>\n<center><img fetchpriority=\"high\" decoding=\"async\" class=\" aligncenter size-full wp-image-26686\" src=\"https:\/\/www.iemj.org\/wp-content\/uploads\/2020\/01\/couv4_decile_a_mi_amor_650px_larg.jpg\" alt=\"couv4_decile_a_mi_amor_650px_larg.jpg\" width=\"638\" height=\"541\" align=\"middle\" srcset=\"https:\/\/www.iemj.org\/wp-content\/uploads\/2020\/01\/couv4_decile_a_mi_amor_650px_larg.jpg 638w, https:\/\/www.iemj.org\/wp-content\/uploads\/2020\/01\/couv4_decile_a_mi_amor_650px_larg-300x254.jpg 300w, https:\/\/www.iemj.org\/wp-content\/uploads\/2020\/01\/couv4_decile_a_mi_amor_650px_larg-600x509.jpg 600w\" sizes=\"(max-width: 638px) 100vw, 638px\" \/><\/center>\n<p>\u00a0<\/p>\n\n<div class=\"wp-block-image\">\n<figure class=\"aligncenter size-large\"><img decoding=\"async\" width=\"1024\" height=\"133\" src=\"https:\/\/www.iemj.org\/wp-content\/uploads\/2024\/03\/AUDIO-PLAYER-1024x133.png\" alt=\"\" class=\"wp-image-110609\" srcset=\"https:\/\/www.iemj.org\/wp-content\/uploads\/2024\/03\/AUDIO-PLAYER-1024x133.png 1024w, https:\/\/www.iemj.org\/wp-content\/uploads\/2024\/03\/AUDIO-PLAYER-300x39.png 300w, https:\/\/www.iemj.org\/wp-content\/uploads\/2024\/03\/AUDIO-PLAYER-768x100.png 768w, https:\/\/www.iemj.org\/wp-content\/uploads\/2024\/03\/AUDIO-PLAYER-600x78.png 600w, https:\/\/www.iemj.org\/wp-content\/uploads\/2024\/03\/AUDIO-PLAYER.png 1210w\" sizes=\"(max-width: 1024px) 100vw, 1024px\" \/><\/figure>\n<\/div>\n\n\n<div class=\"wp-block-file\"><a id=\"wp-block-file--media-d440cb5f-9684-40d3-82f3-52f58154417a\" href=\"https:\/\/www.iemj.org\/wp-content\/uploads\/2020\/01\/01-deciie_a_mi_amor_-_estas_casas_altas_son.mp3\">DeciIe a mi Amor &#8211; Estas casas altas son &#8211; EXTRAIT<\/a><\/div>\n\n\n\n<div class=\"wp-block-file\"><a id=\"wp-block-file--media-724e8192-1da2-4036-9327-1b36e184aba2\" href=\"https:\/\/www.iemj.org\/wp-content\/uploads\/2020\/01\/02-la_novia_se_banaba_-_arrelumbre_y_arrelumbre_-_y_fuerame_a_banar.mp3\">La Novia se Ba\u00f1aba &#8211; Arrelumbre y arrelumbre &#8211; Y Fu\u00e9rame a Ba\u00f1ar &#8211; EXTRAIT<\/a><\/div>\n\n\n\n<div class=\"wp-block-file\"><a id=\"wp-block-file--media-25b4722b-827e-4a01-bb90-647ad9ca97a2\" href=\"https:\/\/www.iemj.org\/wp-content\/uploads\/2020\/01\/03-eres_chiquita_y_bonita_coplitas_de_columpio_.mp3\">Eres Chiquita y Bonita (Coplitas de columpio) &#8211; EXTRAIT<\/a><\/div>\n\n\n\n<div class=\"wp-block-file\"><a id=\"wp-block-file--media-51cbaec6-88de-44d1-910f-fd1b2e665faa\" href=\"https:\/\/www.iemj.org\/wp-content\/uploads\/2020\/01\/05-una_hija_tiene_el_rey_por_que_no_cantas_la_bella_.mp3\">Una hija tiene el Rey (Por qu\u00e9 no cantas, la bella) &#8211; EXTRAIT<\/a><\/div>\n\n\n\n<div class=\"wp-block-file\"><a id=\"wp-block-file--media-fdd3b4fb-856f-4034-83b6-d4f0bd838112\" href=\"https:\/\/www.iemj.org\/wp-content\/uploads\/2020\/01\/06-rey_fernando_sancho_y_urraca_.mp3\">Rey Fernando (Sancho y Urraca) &#8211; EXTRAIT<\/a><\/div>\n\n\n\n<div class=\"wp-block-file\"><a id=\"wp-block-file--media-bba64b1d-872c-45c2-bd36-0aacc1db39f2\" href=\"https:\/\/www.iemj.org\/wp-content\/uploads\/2020\/01\/07-esta_rahel_lastimosa_rahel_la_estimosa_.mp3\">Esta Rahel lastimosa (Rahel la estimosa) &#8211; EXTRAIT<\/a><\/div>\n\n\n\n<div class=\"wp-block-file\"><a id=\"wp-block-file--media-1b38687b-e4b1-4820-bba9-7e5cbb6493b0\" href=\"https:\/\/www.iemj.org\/wp-content\/uploads\/2020\/01\/08-mose_salio_de_misrayim_laconsagracion_de_moises_.mp3\">Mose Sali\u00f3 de Misrayim (La consagraci\u00f3n de Moises)  &#8211; EXTRAIT<\/a><\/div>\n\n\n\n<div class=\"wp-block-file\"><a id=\"wp-block-file--media-e905adcd-7cdb-40ac-b23c-9573a5f920a5\" href=\"https:\/\/www.iemj.org\/wp-content\/uploads\/2020\/01\/09-ay_mi_padre_ay_mi_madre_coplas_de_bar_mitzva_.mp3\">Ay Mi Padre ay mi Madre (Coplas de Bar Mitzva) &#8211; EXTRAIT<\/a><\/div>\n\n\n\n<div class=\"wp-block-file\"><a id=\"wp-block-file--media-39564d81-c8e2-4605-90fc-69ea009a4539\" href=\"https:\/\/www.iemj.org\/wp-content\/uploads\/2020\/01\/10-nuestro_senor_simhat_torah_.mp3\">Nuestro Se\u00f1or Elohenu (Simhat Tor\u00e1: Moises en los cielos) &#8211; EXTRAIT<\/a><\/div>\n\n\n\n<div class=\"wp-block-file\"><a id=\"wp-block-file--media-12eab7dd-7e82-4f61-9105-8f0d56f8b6b8\" href=\"https:\/\/www.iemj.org\/wp-content\/uploads\/2020\/01\/11-de_una_al_azba_si_vieras_que_hial_nesim_y_holi__ex.mp3\">De una al\u2019azba si vieras que hial (Nesim y Holi) &#8211; EXTRAIT<\/a><\/div>\n","protected":false},"excerpt":{"rendered":"<p>Questa raccolta, sostenuta dal Centro per il Patrimonio Ebraico di Salonicco e di Grecia, \u00e8 stata realizzata sotto la direzione artistica della rinomata ricercatrice ed etnomusicologa israeliana Susana Weich-Shahak, che<\/p>\n","protected":false},"author":5,"featured_media":99113,"comment_status":"closed","ping_status":"closed","sticky":false,"template":"","format":"standard","meta":{"_acf_changed":false,"footnotes":""},"categories":[1569,1564],"tags":[],"technique":[],"squelettes":[],"sujet":[],"formation":[],"genre":[1675],"fonds":[],"tradition":[],"type-de-contenu":[],"interprete-compositeur":[],"frise":[],"type-devenement":[],"tableaux-liens-externes":[],"class_list":["post-99112","post","type-post","status-publish","format-standard","has-post-thumbnail","hentry","category-cd-it","category-ultimi-acquisti-it","genre-giudeo-spagnolo-it"],"acf":[],"yoast_head":"<!-- This site is optimized with the Yoast SEO plugin v27.3 - https:\/\/yoast.com\/product\/yoast-seo-wordpress\/ -->\n<title>Decile a mi Amor - Institut Europ\u00e9en des Musiques Juives<\/title>\n<meta name=\"robots\" content=\"index, follow, max-snippet:-1, max-image-preview:large, max-video-preview:-1\" \/>\n<link rel=\"canonical\" href=\"https:\/\/www.iemj.org\/it\/decile-a-mi-amor\/\" \/>\n<meta property=\"og:locale\" content=\"it_IT\" \/>\n<meta property=\"og:type\" content=\"article\" \/>\n<meta property=\"og:title\" content=\"Decile a mi Amor - Institut Europ\u00e9en des Musiques Juives\" \/>\n<meta property=\"og:description\" content=\"Questa raccolta, sostenuta dal Centro per il Patrimonio Ebraico di Salonicco e di Grecia, \u00e8 stata realizzata sotto la direzione artistica della rinomata ricercatrice ed etnomusicologa israeliana Susana Weich-Shahak, che\" \/>\n<meta property=\"og:url\" content=\"https:\/\/www.iemj.org\/it\/decile-a-mi-amor\/\" \/>\n<meta property=\"og:site_name\" content=\"Institut Europ\u00e9en des Musiques Juives\" \/>\n<meta property=\"article:publisher\" content=\"https:\/\/www.facebook.com\/MusiquesJuives\/\" \/>\n<meta property=\"article:published_time\" content=\"2020-01-29T10:01:21+00:00\" \/>\n<meta property=\"article:modified_time\" content=\"2025-09-16T09:16:12+00:00\" \/>\n<meta property=\"og:image\" content=\"https:\/\/www.iemj.org\/wp-content\/uploads\/2020\/01\/arton4485-e1619022529912.jpg\" \/>\n\t<meta property=\"og:image:width\" content=\"350\" \/>\n\t<meta property=\"og:image:height\" content=\"295\" \/>\n\t<meta property=\"og:image:type\" content=\"image\/jpeg\" \/>\n<meta name=\"author\" content=\"Jacqueline ROTEN\" \/>\n<meta name=\"twitter:card\" content=\"summary_large_image\" \/>\n<meta name=\"twitter:label1\" content=\"Scritto da\" \/>\n\t<meta name=\"twitter:data1\" content=\"Jacqueline ROTEN\" \/>\n\t<meta name=\"twitter:label2\" content=\"Tempo di lettura stimato\" \/>\n\t<meta name=\"twitter:data2\" content=\"2 minuti\" \/>\n<script type=\"application\/ld+json\" class=\"yoast-schema-graph\">{\"@context\":\"https:\\\/\\\/schema.org\",\"@graph\":[{\"@type\":\"Article\",\"@id\":\"https:\\\/\\\/www.iemj.org\\\/it\\\/decile-a-mi-amor\\\/#article\",\"isPartOf\":{\"@id\":\"https:\\\/\\\/www.iemj.org\\\/it\\\/decile-a-mi-amor\\\/\"},\"author\":{\"name\":\"Jacqueline ROTEN\",\"@id\":\"https:\\\/\\\/www.iemj.org\\\/it\\\/#\\\/schema\\\/person\\\/358e26c18aca017fcc4cc15437f7279c\"},\"headline\":\"Decile a mi Amor\",\"datePublished\":\"2020-01-29T10:01:21+00:00\",\"dateModified\":\"2025-09-16T09:16:12+00:00\",\"mainEntityOfPage\":{\"@id\":\"https:\\\/\\\/www.iemj.org\\\/it\\\/decile-a-mi-amor\\\/\"},\"wordCount\":255,\"publisher\":{\"@id\":\"https:\\\/\\\/www.iemj.org\\\/it\\\/#organization\"},\"image\":{\"@id\":\"https:\\\/\\\/www.iemj.org\\\/it\\\/decile-a-mi-amor\\\/#primaryimage\"},\"thumbnailUrl\":\"https:\\\/\\\/www.iemj.org\\\/wp-content\\\/uploads\\\/2020\\\/01\\\/arton4485-e1619022529912.jpg\",\"articleSection\":[\"CD\",\"Ultimi acquisti\"],\"inLanguage\":\"it-IT\"},{\"@type\":\"WebPage\",\"@id\":\"https:\\\/\\\/www.iemj.org\\\/it\\\/decile-a-mi-amor\\\/\",\"url\":\"https:\\\/\\\/www.iemj.org\\\/it\\\/decile-a-mi-amor\\\/\",\"name\":\"Decile a mi Amor - Institut Europ\u00e9en des Musiques Juives\",\"isPartOf\":{\"@id\":\"https:\\\/\\\/www.iemj.org\\\/it\\\/#website\"},\"primaryImageOfPage\":{\"@id\":\"https:\\\/\\\/www.iemj.org\\\/it\\\/decile-a-mi-amor\\\/#primaryimage\"},\"image\":{\"@id\":\"https:\\\/\\\/www.iemj.org\\\/it\\\/decile-a-mi-amor\\\/#primaryimage\"},\"thumbnailUrl\":\"https:\\\/\\\/www.iemj.org\\\/wp-content\\\/uploads\\\/2020\\\/01\\\/arton4485-e1619022529912.jpg\",\"datePublished\":\"2020-01-29T10:01:21+00:00\",\"dateModified\":\"2025-09-16T09:16:12+00:00\",\"breadcrumb\":{\"@id\":\"https:\\\/\\\/www.iemj.org\\\/it\\\/decile-a-mi-amor\\\/#breadcrumb\"},\"inLanguage\":\"it-IT\",\"potentialAction\":[{\"@type\":\"ReadAction\",\"target\":[\"https:\\\/\\\/www.iemj.org\\\/it\\\/decile-a-mi-amor\\\/\"]}]},{\"@type\":\"ImageObject\",\"inLanguage\":\"it-IT\",\"@id\":\"https:\\\/\\\/www.iemj.org\\\/it\\\/decile-a-mi-amor\\\/#primaryimage\",\"url\":\"https:\\\/\\\/www.iemj.org\\\/wp-content\\\/uploads\\\/2020\\\/01\\\/arton4485-e1619022529912.jpg\",\"contentUrl\":\"https:\\\/\\\/www.iemj.org\\\/wp-content\\\/uploads\\\/2020\\\/01\\\/arton4485-e1619022529912.jpg\",\"width\":350,\"height\":295},{\"@type\":\"BreadcrumbList\",\"@id\":\"https:\\\/\\\/www.iemj.org\\\/it\\\/decile-a-mi-amor\\\/#breadcrumb\",\"itemListElement\":[{\"@type\":\"ListItem\",\"position\":1,\"name\":\"Accueil\",\"item\":\"https:\\\/\\\/www.iemj.org\\\/it\\\/\"},{\"@type\":\"ListItem\",\"position\":2,\"name\":\"Decile a mi Amor\"}]},{\"@type\":\"WebSite\",\"@id\":\"https:\\\/\\\/www.iemj.org\\\/it\\\/#website\",\"url\":\"https:\\\/\\\/www.iemj.org\\\/it\\\/\",\"name\":\"Institut Europ\u00e9en des Musiques Juives\",\"description\":\"Des traditions musicales \u00e0 la port\u00e9e de tous\",\"publisher\":{\"@id\":\"https:\\\/\\\/www.iemj.org\\\/it\\\/#organization\"},\"potentialAction\":[{\"@type\":\"SearchAction\",\"target\":{\"@type\":\"EntryPoint\",\"urlTemplate\":\"https:\\\/\\\/www.iemj.org\\\/it\\\/?s={search_term_string}\"},\"query-input\":{\"@type\":\"PropertyValueSpecification\",\"valueRequired\":true,\"valueName\":\"search_term_string\"}}],\"inLanguage\":\"it-IT\"},{\"@type\":\"Organization\",\"@id\":\"https:\\\/\\\/www.iemj.org\\\/it\\\/#organization\",\"name\":\"Institut Europ\u00e9en des Musiques Juives\",\"url\":\"https:\\\/\\\/www.iemj.org\\\/it\\\/\",\"logo\":{\"@type\":\"ImageObject\",\"inLanguage\":\"it-IT\",\"@id\":\"https:\\\/\\\/www.iemj.org\\\/it\\\/#\\\/schema\\\/logo\\\/image\\\/\",\"url\":\"https:\\\/\\\/www.iemj.org\\\/wp-content\\\/uploads\\\/2021\\\/09\\\/Logo-IEMJ-Paypal.jpg\",\"contentUrl\":\"https:\\\/\\\/www.iemj.org\\\/wp-content\\\/uploads\\\/2021\\\/09\\\/Logo-IEMJ-Paypal.jpg\",\"width\":150,\"height\":50,\"caption\":\"Institut Europ\u00e9en des Musiques Juives\"},\"image\":{\"@id\":\"https:\\\/\\\/www.iemj.org\\\/it\\\/#\\\/schema\\\/logo\\\/image\\\/\"},\"sameAs\":[\"https:\\\/\\\/www.facebook.com\\\/MusiquesJuives\\\/\",\"https:\\\/\\\/www.instagram.com\\\/musiquesjuives\\\/\",\"https:\\\/\\\/www.youtube.com\\\/user\\\/musiquesjuives\"]},{\"@type\":\"Person\",\"@id\":\"https:\\\/\\\/www.iemj.org\\\/it\\\/#\\\/schema\\\/person\\\/358e26c18aca017fcc4cc15437f7279c\",\"name\":\"Jacqueline ROTEN\",\"image\":{\"@type\":\"ImageObject\",\"inLanguage\":\"it-IT\",\"@id\":\"https:\\\/\\\/secure.gravatar.com\\\/avatar\\\/5964256d6c6957de3a3505278957e0fb2a35119ac47ea41827a65301213c810b?s=96&d=mm&r=g\",\"url\":\"https:\\\/\\\/secure.gravatar.com\\\/avatar\\\/5964256d6c6957de3a3505278957e0fb2a35119ac47ea41827a65301213c810b?s=96&d=mm&r=g\",\"contentUrl\":\"https:\\\/\\\/secure.gravatar.com\\\/avatar\\\/5964256d6c6957de3a3505278957e0fb2a35119ac47ea41827a65301213c810b?s=96&d=mm&r=g\",\"caption\":\"Jacqueline ROTEN\"}}]}<\/script>\n<!-- \/ Yoast SEO plugin. -->","yoast_head_json":{"title":"Decile a mi Amor - Institut Europ\u00e9en des Musiques Juives","robots":{"index":"index","follow":"follow","max-snippet":"max-snippet:-1","max-image-preview":"max-image-preview:large","max-video-preview":"max-video-preview:-1"},"canonical":"https:\/\/www.iemj.org\/it\/decile-a-mi-amor\/","og_locale":"it_IT","og_type":"article","og_title":"Decile a mi Amor - Institut Europ\u00e9en des Musiques Juives","og_description":"Questa raccolta, sostenuta dal Centro per il Patrimonio Ebraico di Salonicco e di Grecia, \u00e8 stata realizzata sotto la direzione artistica della rinomata ricercatrice ed etnomusicologa israeliana Susana Weich-Shahak, che","og_url":"https:\/\/www.iemj.org\/it\/decile-a-mi-amor\/","og_site_name":"Institut Europ\u00e9en des Musiques Juives","article_publisher":"https:\/\/www.facebook.com\/MusiquesJuives\/","article_published_time":"2020-01-29T10:01:21+00:00","article_modified_time":"2025-09-16T09:16:12+00:00","og_image":[{"width":350,"height":295,"url":"https:\/\/www.iemj.org\/wp-content\/uploads\/2020\/01\/arton4485-e1619022529912.jpg","type":"image\/jpeg"}],"author":"Jacqueline ROTEN","twitter_card":"summary_large_image","twitter_misc":{"Scritto da":"Jacqueline ROTEN","Tempo di lettura stimato":"2 minuti"},"schema":{"@context":"https:\/\/schema.org","@graph":[{"@type":"Article","@id":"https:\/\/www.iemj.org\/it\/decile-a-mi-amor\/#article","isPartOf":{"@id":"https:\/\/www.iemj.org\/it\/decile-a-mi-amor\/"},"author":{"name":"Jacqueline ROTEN","@id":"https:\/\/www.iemj.org\/it\/#\/schema\/person\/358e26c18aca017fcc4cc15437f7279c"},"headline":"Decile a mi Amor","datePublished":"2020-01-29T10:01:21+00:00","dateModified":"2025-09-16T09:16:12+00:00","mainEntityOfPage":{"@id":"https:\/\/www.iemj.org\/it\/decile-a-mi-amor\/"},"wordCount":255,"publisher":{"@id":"https:\/\/www.iemj.org\/it\/#organization"},"image":{"@id":"https:\/\/www.iemj.org\/it\/decile-a-mi-amor\/#primaryimage"},"thumbnailUrl":"https:\/\/www.iemj.org\/wp-content\/uploads\/2020\/01\/arton4485-e1619022529912.jpg","articleSection":["CD","Ultimi acquisti"],"inLanguage":"it-IT"},{"@type":"WebPage","@id":"https:\/\/www.iemj.org\/it\/decile-a-mi-amor\/","url":"https:\/\/www.iemj.org\/it\/decile-a-mi-amor\/","name":"Decile a mi Amor - Institut Europ\u00e9en des Musiques Juives","isPartOf":{"@id":"https:\/\/www.iemj.org\/it\/#website"},"primaryImageOfPage":{"@id":"https:\/\/www.iemj.org\/it\/decile-a-mi-amor\/#primaryimage"},"image":{"@id":"https:\/\/www.iemj.org\/it\/decile-a-mi-amor\/#primaryimage"},"thumbnailUrl":"https:\/\/www.iemj.org\/wp-content\/uploads\/2020\/01\/arton4485-e1619022529912.jpg","datePublished":"2020-01-29T10:01:21+00:00","dateModified":"2025-09-16T09:16:12+00:00","breadcrumb":{"@id":"https:\/\/www.iemj.org\/it\/decile-a-mi-amor\/#breadcrumb"},"inLanguage":"it-IT","potentialAction":[{"@type":"ReadAction","target":["https:\/\/www.iemj.org\/it\/decile-a-mi-amor\/"]}]},{"@type":"ImageObject","inLanguage":"it-IT","@id":"https:\/\/www.iemj.org\/it\/decile-a-mi-amor\/#primaryimage","url":"https:\/\/www.iemj.org\/wp-content\/uploads\/2020\/01\/arton4485-e1619022529912.jpg","contentUrl":"https:\/\/www.iemj.org\/wp-content\/uploads\/2020\/01\/arton4485-e1619022529912.jpg","width":350,"height":295},{"@type":"BreadcrumbList","@id":"https:\/\/www.iemj.org\/it\/decile-a-mi-amor\/#breadcrumb","itemListElement":[{"@type":"ListItem","position":1,"name":"Accueil","item":"https:\/\/www.iemj.org\/it\/"},{"@type":"ListItem","position":2,"name":"Decile a mi Amor"}]},{"@type":"WebSite","@id":"https:\/\/www.iemj.org\/it\/#website","url":"https:\/\/www.iemj.org\/it\/","name":"Institut Europ\u00e9en des Musiques Juives","description":"Des traditions musicales \u00e0 la port\u00e9e de tous","publisher":{"@id":"https:\/\/www.iemj.org\/it\/#organization"},"potentialAction":[{"@type":"SearchAction","target":{"@type":"EntryPoint","urlTemplate":"https:\/\/www.iemj.org\/it\/?s={search_term_string}"},"query-input":{"@type":"PropertyValueSpecification","valueRequired":true,"valueName":"search_term_string"}}],"inLanguage":"it-IT"},{"@type":"Organization","@id":"https:\/\/www.iemj.org\/it\/#organization","name":"Institut Europ\u00e9en des Musiques Juives","url":"https:\/\/www.iemj.org\/it\/","logo":{"@type":"ImageObject","inLanguage":"it-IT","@id":"https:\/\/www.iemj.org\/it\/#\/schema\/logo\/image\/","url":"https:\/\/www.iemj.org\/wp-content\/uploads\/2021\/09\/Logo-IEMJ-Paypal.jpg","contentUrl":"https:\/\/www.iemj.org\/wp-content\/uploads\/2021\/09\/Logo-IEMJ-Paypal.jpg","width":150,"height":50,"caption":"Institut Europ\u00e9en des Musiques Juives"},"image":{"@id":"https:\/\/www.iemj.org\/it\/#\/schema\/logo\/image\/"},"sameAs":["https:\/\/www.facebook.com\/MusiquesJuives\/","https:\/\/www.instagram.com\/musiquesjuives\/","https:\/\/www.youtube.com\/user\/musiquesjuives"]},{"@type":"Person","@id":"https:\/\/www.iemj.org\/it\/#\/schema\/person\/358e26c18aca017fcc4cc15437f7279c","name":"Jacqueline ROTEN","image":{"@type":"ImageObject","inLanguage":"it-IT","@id":"https:\/\/secure.gravatar.com\/avatar\/5964256d6c6957de3a3505278957e0fb2a35119ac47ea41827a65301213c810b?s=96&d=mm&r=g","url":"https:\/\/secure.gravatar.com\/avatar\/5964256d6c6957de3a3505278957e0fb2a35119ac47ea41827a65301213c810b?s=96&d=mm&r=g","contentUrl":"https:\/\/secure.gravatar.com\/avatar\/5964256d6c6957de3a3505278957e0fb2a35119ac47ea41827a65301213c810b?s=96&d=mm&r=g","caption":"Jacqueline ROTEN"}}]}},"_links":{"self":[{"href":"https:\/\/www.iemj.org\/it\/wp-json\/wp\/v2\/posts\/99112","targetHints":{"allow":["GET"]}}],"collection":[{"href":"https:\/\/www.iemj.org\/it\/wp-json\/wp\/v2\/posts"}],"about":[{"href":"https:\/\/www.iemj.org\/it\/wp-json\/wp\/v2\/types\/post"}],"author":[{"embeddable":true,"href":"https:\/\/www.iemj.org\/it\/wp-json\/wp\/v2\/users\/5"}],"replies":[{"embeddable":true,"href":"https:\/\/www.iemj.org\/it\/wp-json\/wp\/v2\/comments?post=99112"}],"version-history":[{"count":0,"href":"https:\/\/www.iemj.org\/it\/wp-json\/wp\/v2\/posts\/99112\/revisions"}],"wp:featuredmedia":[{"embeddable":true,"href":"https:\/\/www.iemj.org\/it\/wp-json\/wp\/v2\/media\/99113"}],"wp:attachment":[{"href":"https:\/\/www.iemj.org\/it\/wp-json\/wp\/v2\/media?parent=99112"}],"wp:term":[{"taxonomy":"category","embeddable":true,"href":"https:\/\/www.iemj.org\/it\/wp-json\/wp\/v2\/categories?post=99112"},{"taxonomy":"post_tag","embeddable":true,"href":"https:\/\/www.iemj.org\/it\/wp-json\/wp\/v2\/tags?post=99112"},{"taxonomy":"technique","embeddable":true,"href":"https:\/\/www.iemj.org\/it\/wp-json\/wp\/v2\/technique?post=99112"},{"taxonomy":"squelettes","embeddable":true,"href":"https:\/\/www.iemj.org\/it\/wp-json\/wp\/v2\/squelettes?post=99112"},{"taxonomy":"sujet","embeddable":true,"href":"https:\/\/www.iemj.org\/it\/wp-json\/wp\/v2\/sujet?post=99112"},{"taxonomy":"formation","embeddable":true,"href":"https:\/\/www.iemj.org\/it\/wp-json\/wp\/v2\/formation?post=99112"},{"taxonomy":"genre","embeddable":true,"href":"https:\/\/www.iemj.org\/it\/wp-json\/wp\/v2\/genre?post=99112"},{"taxonomy":"fonds","embeddable":true,"href":"https:\/\/www.iemj.org\/it\/wp-json\/wp\/v2\/fonds?post=99112"},{"taxonomy":"tradition","embeddable":true,"href":"https:\/\/www.iemj.org\/it\/wp-json\/wp\/v2\/tradition?post=99112"},{"taxonomy":"type-de-contenu","embeddable":true,"href":"https:\/\/www.iemj.org\/it\/wp-json\/wp\/v2\/type-de-contenu?post=99112"},{"taxonomy":"interprete-compositeur","embeddable":true,"href":"https:\/\/www.iemj.org\/it\/wp-json\/wp\/v2\/interprete-compositeur?post=99112"},{"taxonomy":"frise","embeddable":true,"href":"https:\/\/www.iemj.org\/it\/wp-json\/wp\/v2\/frise?post=99112"},{"taxonomy":"type-devenement","embeddable":true,"href":"https:\/\/www.iemj.org\/it\/wp-json\/wp\/v2\/type-devenement?post=99112"},{"taxonomy":"tableaux-liens-externes","embeddable":true,"href":"https:\/\/www.iemj.org\/it\/wp-json\/wp\/v2\/tableaux-liens-externes?post=99112"}],"curies":[{"name":"wp","href":"https:\/\/api.w.org\/{rel}","templated":true}]}}