{"id":99349,"date":"2023-07-04T15:47:53","date_gmt":"2023-07-04T13:47:53","guid":{"rendered":"https:\/\/www.iemj.org\/la-nouvelle-scene-juive\/"},"modified":"2024-02-15T15:50:02","modified_gmt":"2024-02-15T14:50:02","slug":"la-nouvelle-scene-juive","status":"publish","type":"post","link":"https:\/\/www.iemj.org\/it\/la-nouvelle-scene-juive\/","title":{"rendered":"La nuova scena ebraica"},"content":{"rendered":"<p>La nuova scena ebraica \u00e8 legata all&#8217;emergere della musica fusion, un termine usato per descrivere la mescolanza di generi musicali come il rap con il rock. Il rock \u00e8 spesso considerato come una delle prime musiche di fusione, nel senso che \u00e8 il risultato dell&#8217;unione del rhythm and blues e della musica country.<\/p>\n<p>Dalla fine degli anni &#8217;60 e con l&#8217;avvento della globalizzazione, la musica \u00e8 diventata sempre pi\u00f9 mista. L&#8217;introduzione del trattamento elettronico della musica ha accelerato questa tendenza, soprattutto a partire dagli anni Ottanta.<\/p>\n<p>Le musiche ebraiche non sono sfuggite a questo fenomeno, con la nascita di una nuova scena ebraica che fonde la musica klezmer, yiddish, giudeo-spagnola ed orientale con il jazz, il rock, il punk, il rap, il latino e l&#8217;hip-hop&#8230;<\/p>\n<p>La seguente playlist presenta solo una selezione ristretta della ricchezza di questa nuova scena ebraica, che si sta esprimendo in tutto il mondo. Tra i promotori di questa rinascita musicale ebraica ci sono <a href=\"https:\/\/www.tzadik.com\/\" target=\"_blank\" rel=\"noopener\">John Zorn e la sua casa discografica Tzadik<\/a>, fondata a New York nel 1995, che ad oggi ha prodotto 189 CD della collezione <em>Radical Jewish Culture<\/em>. Oppure Claude Zwimer e Bruno Nahon, che nel 2003 hanno fondato a Parigi la casa discografica <a href=\"http:\/\/www.jumu.fr\/archives_jumu.html\" target=\"_blank\" rel=\"noopener\">Jumu (Nu Juwish Music)<\/a>, che &#8220;porta il passato nel presente, inserisce il klezmer nell&#8217;electro, organizza combinazioni tra rapper in fioretto e clarinetto yid, e mescola il giudeo-arabo con l&#8217;hip-hop&#8221;. Jumu ha prodotto una dozzina di CD ed ha organizzato numerosi concerti con musicisti provenienti da Stati Uniti (Matisyahu), Canada (SoCalled), Regno Unito (Sophie Solomon, Oi va voi), Olanda (Amsterdam Klezmer Band) e Francia (Anakronic Electro Orkestra).<\/p>\n<p>Infine, alcuni gruppi francesi, come <a href=\"https:\/\/www.iemj.org\/en\/horse-raddish-4\/\" target=\"_blank\" rel=\"noopener\">Horse Raddish<\/a> e Klunk, hanno prodotto album di jazz-rock, rap e klezmer punk.<\/p>\n<p>Per saperne di pi\u00f9 sugli artisti di questa playlist:<\/p>\n<ul>\n<li><a href=\"https:\/\/www.anakronic.com\/bio\" target=\"_blank\" rel=\"noopener\">Anakronic<\/a><\/li>\n<li><a href=\"https:\/\/it.wikipedia.org\/wiki\/Socalled\" target=\"_blank\" rel=\"noopener\">SoCalled<\/a><\/li>\n<li><a href=\"https:\/\/en.wikipedia.org\/wiki\/David_Krakauer_(musician)\" target=\"_blank\" rel=\"noopener\">David Krakauer<\/a><\/li>\n<li><a href=\"https:\/\/en.wikipedia.org\/wiki\/Amsterdam_Klezmer_Band\" target=\"_blank\" rel=\"noopener\">Amsterdam Klezmer Band<\/a><\/li>\n<li><a href=\"https:\/\/it.wikipedia.org\/wiki\/Balkan_Beat_Box\" target=\"_blank\" rel=\"noopener\">Balkan Beat Box<\/a><\/li>\n<li><a href=\"http:\/\/klunk.fr\/\" target=\"_blank\" rel=\"noopener\">Klunk<\/a><\/li>\n<li><a href=\"https:\/\/en.wikipedia.org\/wiki\/Hip_Hop_Hood%C3%ADos\" target=\"_blank\" rel=\"noopener\">Hip Hop Hood\u00edos<\/a><\/li>\n<li><a href=\"https:\/\/guillaumedettmar.com\/paris-klezmer-band\/\" target=\"_blank\" rel=\"noopener\">Paris Klezmer Band<\/a><\/li>\n<li><a href=\"https:\/\/en.wikipedia.org\/wiki\/Shimi_Tavori\" target=\"_blank\" rel=\"noopener\">Shimi Tavori<\/a> &amp; <a href=\"https:\/\/aish.com\/authors\/201416921\/\" target=\"_blank\" rel=\"noopener\">Francky Perez<\/a><\/li>\n<li><a href=\"https:\/\/www.yom.fr\/\" target=\"_blank\" rel=\"noopener\">Yom<\/a><\/li>\n<\/ul>\n<p><a href=\"https:\/\/www.iemj.org\/it\/rock-hard-rock-metal-punk-et-musiques-juives\/\" target=\"_blank\" rel=\"noopener\">Leggere l&#8217;articolo ROCK, HARD-ROCK, METAL, PUNK E MUSICHE EBRAICHE<\/a><\/p>\n<p>Ascoltare i programmi radiofonici <a href=\"https:\/\/www.iemj.org\/en\/electric-yiddish-from-jazz-rock-to-punk\/\" target=\"_blank\" rel=\"noopener\">ELECTRIC YIDDISH : FROM JAZZ ROCK TO PUNK<\/a> e <a href=\"https:\/\/www.iemj.org\/en\/extreme-jewish-music-from-punk-rock-to-heavy-metal\/\" target=\"_blank\" rel=\"noopener\">EXTREME JEWISH MUSIC \u2013 FROM PUNK-ROCK TO HEAVY METAL<\/a><\/p>\n\n\n<figure class=\"wp-block-image alignwide size-large\"><img fetchpriority=\"high\" decoding=\"async\" width=\"1024\" height=\"146\" src=\"https:\/\/www.iemj.org\/wp-content\/uploads\/2023\/01\/Bandeau-Playlist_IT2-1024x146.jpg\" alt=\"\" class=\"wp-image-93106\" srcset=\"https:\/\/www.iemj.org\/wp-content\/uploads\/2023\/01\/Bandeau-Playlist_IT2-1024x146.jpg 1024w, https:\/\/www.iemj.org\/wp-content\/uploads\/2023\/01\/Bandeau-Playlist_IT2-300x43.jpg 300w, https:\/\/www.iemj.org\/wp-content\/uploads\/2023\/01\/Bandeau-Playlist_IT2-768x110.jpg 768w, https:\/\/www.iemj.org\/wp-content\/uploads\/2023\/01\/Bandeau-Playlist_IT2-1536x220.jpg 1536w, https:\/\/www.iemj.org\/wp-content\/uploads\/2023\/01\/Bandeau-Playlist_IT2-600x86.jpg 600w, https:\/\/www.iemj.org\/wp-content\/uploads\/2023\/01\/Bandeau-Playlist_IT2.jpg 1608w\" sizes=\"(max-width: 1024px) 100vw, 1024px\" \/><\/figure>\n","protected":false},"excerpt":{"rendered":"<p>La nuova scena ebraica \u00e8 legata all&#8217;emergere della musica fusion, un termine usato per descrivere la mescolanza di generi musicali come il rap con il rock. Il rock \u00e8 spesso<\/p>\n","protected":false},"author":5,"featured_media":99291,"comment_status":"closed","ping_status":"open","sticky":false,"template":"","format":"standard","meta":{"_acf_changed":false,"footnotes":""},"categories":[1536],"tags":[],"technique":[],"squelettes":[],"sujet":[],"formation":[],"genre":[1872,1883,1887,1868,1866],"fonds":[],"tradition":[],"type-de-contenu":[],"interprete-compositeur":[],"frise":[],"type-devenement":[],"tableaux-liens-externes":[],"class_list":["post-99349","post","type-post","status-publish","format-standard","has-post-thumbnail","hentry","category-playlist-it","genre-dub-hip-hop-it","genre-electro-it","genre-jazz-it","genre-punk-it","genre-rock-it"],"acf":[],"yoast_head":"<!-- This site is optimized with the Yoast SEO plugin v27.3 - https:\/\/yoast.com\/product\/yoast-seo-wordpress\/ -->\n<title>La nuova scena ebraica - Institut Europ\u00e9en des Musiques Juives<\/title>\n<meta name=\"robots\" content=\"index, follow, max-snippet:-1, max-image-preview:large, max-video-preview:-1\" \/>\n<link rel=\"canonical\" href=\"https:\/\/www.iemj.org\/it\/la-nouvelle-scene-juive\/\" \/>\n<meta property=\"og:locale\" content=\"it_IT\" \/>\n<meta property=\"og:type\" content=\"article\" \/>\n<meta property=\"og:title\" content=\"La nuova scena ebraica - Institut Europ\u00e9en des Musiques Juives\" \/>\n<meta property=\"og:description\" content=\"La nuova scena ebraica \u00e8 legata all&#8217;emergere della musica fusion, un termine usato per descrivere la mescolanza di generi musicali come il rap con il rock. Il rock \u00e8 spesso\" \/>\n<meta property=\"og:url\" content=\"https:\/\/www.iemj.org\/it\/la-nouvelle-scene-juive\/\" \/>\n<meta property=\"og:site_name\" content=\"Institut Europ\u00e9en des Musiques Juives\" \/>\n<meta property=\"article:publisher\" content=\"https:\/\/www.facebook.com\/MusiquesJuives\/\" \/>\n<meta property=\"article:published_time\" content=\"2023-07-04T13:47:53+00:00\" \/>\n<meta property=\"article:modified_time\" content=\"2024-02-15T14:50:02+00:00\" \/>\n<meta property=\"og:image\" content=\"https:\/\/www.iemj.org\/wp-content\/uploads\/2023\/07\/Logo-playlist-ete-Nlle-Mus.-J.jpg\" \/>\n\t<meta property=\"og:image:width\" content=\"500\" \/>\n\t<meta property=\"og:image:height\" content=\"500\" \/>\n\t<meta property=\"og:image:type\" content=\"image\/jpeg\" \/>\n<meta name=\"author\" content=\"Jacqueline ROTEN\" \/>\n<meta name=\"twitter:card\" content=\"summary_large_image\" \/>\n<meta name=\"twitter:label1\" content=\"Scritto da\" \/>\n\t<meta name=\"twitter:data1\" content=\"Jacqueline ROTEN\" \/>\n\t<meta name=\"twitter:label2\" content=\"Tempo di lettura stimato\" \/>\n\t<meta name=\"twitter:data2\" content=\"3 minuti\" \/>\n<script type=\"application\/ld+json\" class=\"yoast-schema-graph\">{\"@context\":\"https:\\\/\\\/schema.org\",\"@graph\":[{\"@type\":\"Article\",\"@id\":\"https:\\\/\\\/www.iemj.org\\\/it\\\/la-nouvelle-scene-juive\\\/#article\",\"isPartOf\":{\"@id\":\"https:\\\/\\\/www.iemj.org\\\/it\\\/la-nouvelle-scene-juive\\\/\"},\"author\":{\"name\":\"Jacqueline ROTEN\",\"@id\":\"https:\\\/\\\/www.iemj.org\\\/it\\\/#\\\/schema\\\/person\\\/358e26c18aca017fcc4cc15437f7279c\"},\"headline\":\"La nuova scena ebraica\",\"datePublished\":\"2023-07-04T13:47:53+00:00\",\"dateModified\":\"2024-02-15T14:50:02+00:00\",\"mainEntityOfPage\":{\"@id\":\"https:\\\/\\\/www.iemj.org\\\/it\\\/la-nouvelle-scene-juive\\\/\"},\"wordCount\":350,\"publisher\":{\"@id\":\"https:\\\/\\\/www.iemj.org\\\/it\\\/#organization\"},\"image\":{\"@id\":\"https:\\\/\\\/www.iemj.org\\\/it\\\/la-nouvelle-scene-juive\\\/#primaryimage\"},\"thumbnailUrl\":\"https:\\\/\\\/www.iemj.org\\\/wp-content\\\/uploads\\\/2023\\\/07\\\/Logo-playlist-ete-Nlle-Mus.-J.jpg\",\"articleSection\":[\"Playlist\"],\"inLanguage\":\"it-IT\"},{\"@type\":\"WebPage\",\"@id\":\"https:\\\/\\\/www.iemj.org\\\/it\\\/la-nouvelle-scene-juive\\\/\",\"url\":\"https:\\\/\\\/www.iemj.org\\\/it\\\/la-nouvelle-scene-juive\\\/\",\"name\":\"La nuova scena ebraica - Institut Europ\u00e9en des Musiques Juives\",\"isPartOf\":{\"@id\":\"https:\\\/\\\/www.iemj.org\\\/it\\\/#website\"},\"primaryImageOfPage\":{\"@id\":\"https:\\\/\\\/www.iemj.org\\\/it\\\/la-nouvelle-scene-juive\\\/#primaryimage\"},\"image\":{\"@id\":\"https:\\\/\\\/www.iemj.org\\\/it\\\/la-nouvelle-scene-juive\\\/#primaryimage\"},\"thumbnailUrl\":\"https:\\\/\\\/www.iemj.org\\\/wp-content\\\/uploads\\\/2023\\\/07\\\/Logo-playlist-ete-Nlle-Mus.-J.jpg\",\"datePublished\":\"2023-07-04T13:47:53+00:00\",\"dateModified\":\"2024-02-15T14:50:02+00:00\",\"breadcrumb\":{\"@id\":\"https:\\\/\\\/www.iemj.org\\\/it\\\/la-nouvelle-scene-juive\\\/#breadcrumb\"},\"inLanguage\":\"it-IT\",\"potentialAction\":[{\"@type\":\"ReadAction\",\"target\":[\"https:\\\/\\\/www.iemj.org\\\/it\\\/la-nouvelle-scene-juive\\\/\"]}]},{\"@type\":\"ImageObject\",\"inLanguage\":\"it-IT\",\"@id\":\"https:\\\/\\\/www.iemj.org\\\/it\\\/la-nouvelle-scene-juive\\\/#primaryimage\",\"url\":\"https:\\\/\\\/www.iemj.org\\\/wp-content\\\/uploads\\\/2023\\\/07\\\/Logo-playlist-ete-Nlle-Mus.-J.jpg\",\"contentUrl\":\"https:\\\/\\\/www.iemj.org\\\/wp-content\\\/uploads\\\/2023\\\/07\\\/Logo-playlist-ete-Nlle-Mus.-J.jpg\",\"width\":500,\"height\":500},{\"@type\":\"BreadcrumbList\",\"@id\":\"https:\\\/\\\/www.iemj.org\\\/it\\\/la-nouvelle-scene-juive\\\/#breadcrumb\",\"itemListElement\":[{\"@type\":\"ListItem\",\"position\":1,\"name\":\"Accueil\",\"item\":\"https:\\\/\\\/www.iemj.org\\\/it\\\/\"},{\"@type\":\"ListItem\",\"position\":2,\"name\":\"La nuova scena ebraica\"}]},{\"@type\":\"WebSite\",\"@id\":\"https:\\\/\\\/www.iemj.org\\\/it\\\/#website\",\"url\":\"https:\\\/\\\/www.iemj.org\\\/it\\\/\",\"name\":\"Institut Europ\u00e9en des Musiques Juives\",\"description\":\"Des traditions musicales \u00e0 la port\u00e9e de tous\",\"publisher\":{\"@id\":\"https:\\\/\\\/www.iemj.org\\\/it\\\/#organization\"},\"potentialAction\":[{\"@type\":\"SearchAction\",\"target\":{\"@type\":\"EntryPoint\",\"urlTemplate\":\"https:\\\/\\\/www.iemj.org\\\/it\\\/?s={search_term_string}\"},\"query-input\":{\"@type\":\"PropertyValueSpecification\",\"valueRequired\":true,\"valueName\":\"search_term_string\"}}],\"inLanguage\":\"it-IT\"},{\"@type\":\"Organization\",\"@id\":\"https:\\\/\\\/www.iemj.org\\\/it\\\/#organization\",\"name\":\"Institut Europ\u00e9en des Musiques Juives\",\"url\":\"https:\\\/\\\/www.iemj.org\\\/it\\\/\",\"logo\":{\"@type\":\"ImageObject\",\"inLanguage\":\"it-IT\",\"@id\":\"https:\\\/\\\/www.iemj.org\\\/it\\\/#\\\/schema\\\/logo\\\/image\\\/\",\"url\":\"https:\\\/\\\/www.iemj.org\\\/wp-content\\\/uploads\\\/2021\\\/09\\\/Logo-IEMJ-Paypal.jpg\",\"contentUrl\":\"https:\\\/\\\/www.iemj.org\\\/wp-content\\\/uploads\\\/2021\\\/09\\\/Logo-IEMJ-Paypal.jpg\",\"width\":150,\"height\":50,\"caption\":\"Institut Europ\u00e9en des Musiques Juives\"},\"image\":{\"@id\":\"https:\\\/\\\/www.iemj.org\\\/it\\\/#\\\/schema\\\/logo\\\/image\\\/\"},\"sameAs\":[\"https:\\\/\\\/www.facebook.com\\\/MusiquesJuives\\\/\",\"https:\\\/\\\/www.instagram.com\\\/musiquesjuives\\\/\",\"https:\\\/\\\/www.youtube.com\\\/user\\\/musiquesjuives\"]},{\"@type\":\"Person\",\"@id\":\"https:\\\/\\\/www.iemj.org\\\/it\\\/#\\\/schema\\\/person\\\/358e26c18aca017fcc4cc15437f7279c\",\"name\":\"Jacqueline ROTEN\",\"image\":{\"@type\":\"ImageObject\",\"inLanguage\":\"it-IT\",\"@id\":\"https:\\\/\\\/secure.gravatar.com\\\/avatar\\\/5964256d6c6957de3a3505278957e0fb2a35119ac47ea41827a65301213c810b?s=96&d=mm&r=g\",\"url\":\"https:\\\/\\\/secure.gravatar.com\\\/avatar\\\/5964256d6c6957de3a3505278957e0fb2a35119ac47ea41827a65301213c810b?s=96&d=mm&r=g\",\"contentUrl\":\"https:\\\/\\\/secure.gravatar.com\\\/avatar\\\/5964256d6c6957de3a3505278957e0fb2a35119ac47ea41827a65301213c810b?s=96&d=mm&r=g\",\"caption\":\"Jacqueline ROTEN\"}}]}<\/script>\n<!-- \/ Yoast SEO plugin. -->","yoast_head_json":{"title":"La nuova scena ebraica - Institut Europ\u00e9en des Musiques Juives","robots":{"index":"index","follow":"follow","max-snippet":"max-snippet:-1","max-image-preview":"max-image-preview:large","max-video-preview":"max-video-preview:-1"},"canonical":"https:\/\/www.iemj.org\/it\/la-nouvelle-scene-juive\/","og_locale":"it_IT","og_type":"article","og_title":"La nuova scena ebraica - Institut Europ\u00e9en des Musiques Juives","og_description":"La nuova scena ebraica \u00e8 legata all&#8217;emergere della musica fusion, un termine usato per descrivere la mescolanza di generi musicali come il rap con il rock. Il rock \u00e8 spesso","og_url":"https:\/\/www.iemj.org\/it\/la-nouvelle-scene-juive\/","og_site_name":"Institut Europ\u00e9en des Musiques Juives","article_publisher":"https:\/\/www.facebook.com\/MusiquesJuives\/","article_published_time":"2023-07-04T13:47:53+00:00","article_modified_time":"2024-02-15T14:50:02+00:00","og_image":[{"width":500,"height":500,"url":"https:\/\/www.iemj.org\/wp-content\/uploads\/2023\/07\/Logo-playlist-ete-Nlle-Mus.-J.jpg","type":"image\/jpeg"}],"author":"Jacqueline ROTEN","twitter_card":"summary_large_image","twitter_misc":{"Scritto da":"Jacqueline ROTEN","Tempo di lettura stimato":"3 minuti"},"schema":{"@context":"https:\/\/schema.org","@graph":[{"@type":"Article","@id":"https:\/\/www.iemj.org\/it\/la-nouvelle-scene-juive\/#article","isPartOf":{"@id":"https:\/\/www.iemj.org\/it\/la-nouvelle-scene-juive\/"},"author":{"name":"Jacqueline ROTEN","@id":"https:\/\/www.iemj.org\/it\/#\/schema\/person\/358e26c18aca017fcc4cc15437f7279c"},"headline":"La nuova scena ebraica","datePublished":"2023-07-04T13:47:53+00:00","dateModified":"2024-02-15T14:50:02+00:00","mainEntityOfPage":{"@id":"https:\/\/www.iemj.org\/it\/la-nouvelle-scene-juive\/"},"wordCount":350,"publisher":{"@id":"https:\/\/www.iemj.org\/it\/#organization"},"image":{"@id":"https:\/\/www.iemj.org\/it\/la-nouvelle-scene-juive\/#primaryimage"},"thumbnailUrl":"https:\/\/www.iemj.org\/wp-content\/uploads\/2023\/07\/Logo-playlist-ete-Nlle-Mus.-J.jpg","articleSection":["Playlist"],"inLanguage":"it-IT"},{"@type":"WebPage","@id":"https:\/\/www.iemj.org\/it\/la-nouvelle-scene-juive\/","url":"https:\/\/www.iemj.org\/it\/la-nouvelle-scene-juive\/","name":"La nuova scena ebraica - Institut Europ\u00e9en des Musiques Juives","isPartOf":{"@id":"https:\/\/www.iemj.org\/it\/#website"},"primaryImageOfPage":{"@id":"https:\/\/www.iemj.org\/it\/la-nouvelle-scene-juive\/#primaryimage"},"image":{"@id":"https:\/\/www.iemj.org\/it\/la-nouvelle-scene-juive\/#primaryimage"},"thumbnailUrl":"https:\/\/www.iemj.org\/wp-content\/uploads\/2023\/07\/Logo-playlist-ete-Nlle-Mus.-J.jpg","datePublished":"2023-07-04T13:47:53+00:00","dateModified":"2024-02-15T14:50:02+00:00","breadcrumb":{"@id":"https:\/\/www.iemj.org\/it\/la-nouvelle-scene-juive\/#breadcrumb"},"inLanguage":"it-IT","potentialAction":[{"@type":"ReadAction","target":["https:\/\/www.iemj.org\/it\/la-nouvelle-scene-juive\/"]}]},{"@type":"ImageObject","inLanguage":"it-IT","@id":"https:\/\/www.iemj.org\/it\/la-nouvelle-scene-juive\/#primaryimage","url":"https:\/\/www.iemj.org\/wp-content\/uploads\/2023\/07\/Logo-playlist-ete-Nlle-Mus.-J.jpg","contentUrl":"https:\/\/www.iemj.org\/wp-content\/uploads\/2023\/07\/Logo-playlist-ete-Nlle-Mus.-J.jpg","width":500,"height":500},{"@type":"BreadcrumbList","@id":"https:\/\/www.iemj.org\/it\/la-nouvelle-scene-juive\/#breadcrumb","itemListElement":[{"@type":"ListItem","position":1,"name":"Accueil","item":"https:\/\/www.iemj.org\/it\/"},{"@type":"ListItem","position":2,"name":"La nuova scena ebraica"}]},{"@type":"WebSite","@id":"https:\/\/www.iemj.org\/it\/#website","url":"https:\/\/www.iemj.org\/it\/","name":"Institut Europ\u00e9en des Musiques Juives","description":"Des traditions musicales \u00e0 la port\u00e9e de tous","publisher":{"@id":"https:\/\/www.iemj.org\/it\/#organization"},"potentialAction":[{"@type":"SearchAction","target":{"@type":"EntryPoint","urlTemplate":"https:\/\/www.iemj.org\/it\/?s={search_term_string}"},"query-input":{"@type":"PropertyValueSpecification","valueRequired":true,"valueName":"search_term_string"}}],"inLanguage":"it-IT"},{"@type":"Organization","@id":"https:\/\/www.iemj.org\/it\/#organization","name":"Institut Europ\u00e9en des Musiques Juives","url":"https:\/\/www.iemj.org\/it\/","logo":{"@type":"ImageObject","inLanguage":"it-IT","@id":"https:\/\/www.iemj.org\/it\/#\/schema\/logo\/image\/","url":"https:\/\/www.iemj.org\/wp-content\/uploads\/2021\/09\/Logo-IEMJ-Paypal.jpg","contentUrl":"https:\/\/www.iemj.org\/wp-content\/uploads\/2021\/09\/Logo-IEMJ-Paypal.jpg","width":150,"height":50,"caption":"Institut Europ\u00e9en des Musiques Juives"},"image":{"@id":"https:\/\/www.iemj.org\/it\/#\/schema\/logo\/image\/"},"sameAs":["https:\/\/www.facebook.com\/MusiquesJuives\/","https:\/\/www.instagram.com\/musiquesjuives\/","https:\/\/www.youtube.com\/user\/musiquesjuives"]},{"@type":"Person","@id":"https:\/\/www.iemj.org\/it\/#\/schema\/person\/358e26c18aca017fcc4cc15437f7279c","name":"Jacqueline ROTEN","image":{"@type":"ImageObject","inLanguage":"it-IT","@id":"https:\/\/secure.gravatar.com\/avatar\/5964256d6c6957de3a3505278957e0fb2a35119ac47ea41827a65301213c810b?s=96&d=mm&r=g","url":"https:\/\/secure.gravatar.com\/avatar\/5964256d6c6957de3a3505278957e0fb2a35119ac47ea41827a65301213c810b?s=96&d=mm&r=g","contentUrl":"https:\/\/secure.gravatar.com\/avatar\/5964256d6c6957de3a3505278957e0fb2a35119ac47ea41827a65301213c810b?s=96&d=mm&r=g","caption":"Jacqueline ROTEN"}}]}},"_links":{"self":[{"href":"https:\/\/www.iemj.org\/it\/wp-json\/wp\/v2\/posts\/99349","targetHints":{"allow":["GET"]}}],"collection":[{"href":"https:\/\/www.iemj.org\/it\/wp-json\/wp\/v2\/posts"}],"about":[{"href":"https:\/\/www.iemj.org\/it\/wp-json\/wp\/v2\/types\/post"}],"author":[{"embeddable":true,"href":"https:\/\/www.iemj.org\/it\/wp-json\/wp\/v2\/users\/5"}],"replies":[{"embeddable":true,"href":"https:\/\/www.iemj.org\/it\/wp-json\/wp\/v2\/comments?post=99349"}],"version-history":[{"count":0,"href":"https:\/\/www.iemj.org\/it\/wp-json\/wp\/v2\/posts\/99349\/revisions"}],"wp:featuredmedia":[{"embeddable":true,"href":"https:\/\/www.iemj.org\/it\/wp-json\/wp\/v2\/media\/99291"}],"wp:attachment":[{"href":"https:\/\/www.iemj.org\/it\/wp-json\/wp\/v2\/media?parent=99349"}],"wp:term":[{"taxonomy":"category","embeddable":true,"href":"https:\/\/www.iemj.org\/it\/wp-json\/wp\/v2\/categories?post=99349"},{"taxonomy":"post_tag","embeddable":true,"href":"https:\/\/www.iemj.org\/it\/wp-json\/wp\/v2\/tags?post=99349"},{"taxonomy":"technique","embeddable":true,"href":"https:\/\/www.iemj.org\/it\/wp-json\/wp\/v2\/technique?post=99349"},{"taxonomy":"squelettes","embeddable":true,"href":"https:\/\/www.iemj.org\/it\/wp-json\/wp\/v2\/squelettes?post=99349"},{"taxonomy":"sujet","embeddable":true,"href":"https:\/\/www.iemj.org\/it\/wp-json\/wp\/v2\/sujet?post=99349"},{"taxonomy":"formation","embeddable":true,"href":"https:\/\/www.iemj.org\/it\/wp-json\/wp\/v2\/formation?post=99349"},{"taxonomy":"genre","embeddable":true,"href":"https:\/\/www.iemj.org\/it\/wp-json\/wp\/v2\/genre?post=99349"},{"taxonomy":"fonds","embeddable":true,"href":"https:\/\/www.iemj.org\/it\/wp-json\/wp\/v2\/fonds?post=99349"},{"taxonomy":"tradition","embeddable":true,"href":"https:\/\/www.iemj.org\/it\/wp-json\/wp\/v2\/tradition?post=99349"},{"taxonomy":"type-de-contenu","embeddable":true,"href":"https:\/\/www.iemj.org\/it\/wp-json\/wp\/v2\/type-de-contenu?post=99349"},{"taxonomy":"interprete-compositeur","embeddable":true,"href":"https:\/\/www.iemj.org\/it\/wp-json\/wp\/v2\/interprete-compositeur?post=99349"},{"taxonomy":"frise","embeddable":true,"href":"https:\/\/www.iemj.org\/it\/wp-json\/wp\/v2\/frise?post=99349"},{"taxonomy":"type-devenement","embeddable":true,"href":"https:\/\/www.iemj.org\/it\/wp-json\/wp\/v2\/type-devenement?post=99349"},{"taxonomy":"tableaux-liens-externes","embeddable":true,"href":"https:\/\/www.iemj.org\/it\/wp-json\/wp\/v2\/tableaux-liens-externes?post=99349"}],"curies":[{"name":"wp","href":"https:\/\/api.w.org\/{rel}","templated":true}]}}