{"id":99631,"date":"2019-05-21T16:56:36","date_gmt":"2019-05-21T14:56:36","guid":{"rendered":"https:\/\/www.iemj.org\/cantor-haim-ischakis\/"},"modified":"2025-09-17T10:11:55","modified_gmt":"2025-09-17T08:11:55","slug":"cantor-haim-ischakis","status":"publish","type":"post","link":"https:\/\/www.iemj.org\/it\/cantor-haim-ischakis\/","title":{"rendered":"Cantor Haim Ischakis"},"content":{"rendered":"<p>Pubblicato nel 2018 dall&#8217;<a href=\"https:\/\/www.ezjm.hmtm-hannover.de\/de\/start\/\">Europ\u00e4ische Zentrum f\u00fcr J\u00fcdische Musik (EZJM)<\/a> di Hannover, questo cofanetto di 4 CD offre un&#8217;ampia panoramica musicale della tradizione liturgica degli ebrei romanici in Grecia.<\/p>\n<p><!--more--><\/p>\n<p>I Romanioti (termine che si riferisce agli ex abitanti dell&#8217;Impero Romano d&#8217;Oriente e dell&#8217;Impero Bizantino) sono ebrei ellenizzati che hanno vissuto intorno al Mediterraneo orientale ed al Mar Nero per pi\u00f9 di 2.000 anni. Alcune tradizioni fanno risalire la loro presenza addirittura all&#8217;esilio babilonese. Questi ebrei ellenizzati si sono stabiliti negli Stati reali emersi dall&#8217;Impero di Alessandro, in particolare nell&#8217;Egitto dei Tolomei. Hanno adottato la lingua e la cultura greca, ma hanno mantenuto la loro fede e furono all&#8217;origine di un importante corpus di letteratura giudeo-ellenistica, tra cui le prime traduzioni della Bibbia ebraica (compresa la Septuaginta), i libri deuterocanonici, che non sono accettati nella Tanakh, i libri intertestamentari ed i primi tentativi di integrare la filosofia con il giudaismo, di cui il pi\u00f9 brillante rappresentante \u00e8 Filone di Alessandria.<\/p>\n<figure id=\"attachment_24038\" aria-describedby=\"caption-attachment-24038\" style=\"width: 252px\" class=\"wp-caption alignright\"><img fetchpriority=\"high\" decoding=\"async\" class=\"wp-image-24038\" src=\"https:\/\/www.iemj.org\/wp-content\/uploads\/2019\/05\/rabbi_moshe_pesach_juif_romaniote_wikipedia_-_redim-196x300.jpg\" alt=\"rabbi_moshe_pesach_juif_romaniote_wikipedia_-_redim.jpg\" width=\"252\" height=\"386\" srcset=\"https:\/\/www.iemj.org\/wp-content\/uploads\/2019\/05\/rabbi_moshe_pesach_juif_romaniote_wikipedia_-_redim-196x300.jpg 196w, https:\/\/www.iemj.org\/wp-content\/uploads\/2019\/05\/rabbi_moshe_pesach_juif_romaniote_wikipedia_-_redim.jpg 252w\" sizes=\"(max-width: 252px) 100vw, 252px\" \/><figcaption id=\"caption-attachment-24038\" class=\"wp-caption-text\"><strong>Mo\u00efse-Sim\u00e9on Pessah, rabbin de la communaut\u00e9 romaniote de Volos, 1939<\/strong><\/figcaption><\/figure>\n<p>Durante il Medioevo, i Romanioti diffusono la propria cultura tra le nuove comunit\u00e0 dell&#8217;Occidente: Ashkenazi (cio\u00e8 &#8220;tedeschi&#8221;), Sarfati (cio\u00e8 &#8220;francesi&#8221;) e Sefarditi (cio\u00e8 &#8220;spagnoli&#8221;). La presenza di Romanioti \u00e8 attestata a Venezia, nella Valle del Reno ed in Linguadoca.<\/p>\n<p>Con la fine dell&#8217;Impero bizantino nel 1453, i Romanioti sono passati sotto il dominio ottomano. Continuano a praticare il proprio rito, la propria lingua (il giudeo-greco) ed altre particolarit\u00e0 (hanno adottato il Talmud di Gerusalemme, mentre la maggior parte del mondo ebraico ha adottato il Talmud babilonese), ma con l&#8217;arrivo degli ebrei espulsi dalla penisola iberica, la cultura roman\u00ed si dissolve gradualmente in quella dei sefardim.<\/p>\n<p>La comunit\u00e0, decimata durante la Shoah, conta oggi solo circa diecimila membri in Grecia ed \u00e8 stata parzialmente ricostituita in Israele e negli Stati Uniti. All&#8217;inizio del XXI secolo, rimanevano solo quattro piccole comunit\u00e0 roman\u00ed attive: a Salonicco e Ioannina in Grecia, a New York ed a Gerusalemme.<\/p>\n<p>Questa raccolta di registrazioni sul campo, realizzata tra il 2016 ed il 2017 da <strong>Sarah Ross<\/strong>, direttrice dell&#8217;EZJM, e <strong>Miranda L. Crowdus<\/strong>, assistente di ricerca, ha lo scopo di rendere accessibile alle generazioni future questo repertorio degli ebrei romanici. 70 preghiere tratte dai vari servizi dell&#8217;anno sono state registrate con il cantore Haim Ischakis, uno degli ultimi conoscitori della tradizione romanitica.<\/p>\n<p>Haim Ischakis \u00e8 nato ad Atene nel 1959. I suoi genitori erano originari di Ioannina e Calcide, due citt\u00e0 con una fiorente comunit\u00e0 rom prima della guerra. Haim Ischakis ha studiato al Lyc\u00e9e L\u00e9onin, una scuola franco-greca, prima di proseguire gli studi all&#8217;Universit\u00e0 ebraica di Gerusalemme. Tornato in Grecia nel 1981, dopo la morte del padre nel 1996 si \u00e8 dedicato a perpetuare la cultura ebraica roman\u00ed, in particolare perpetuando la sua tradizione musicale, che talvolta arricchisce con nuove melodie.<\/p>\n<p>C\u2019est ainsi que, contrairement \u00e0 l\u2019affirmation du livret sur l\u2019existence d&#8217;un r\u00e9pertoire original de musique synagogale romaniote, une grande partie des airs de ce coffret provient de divers horizons. M\u00eame si la fa\u00e7on de chanter et certaines ornementations semblent sp\u00e9cifiques au rite romaniote, on constate la pr\u00e9sence de nombreux airs du rite s\u00e9farade portugais de France (voir dans la playlist ci-dessous les n\u00b0 2 [<em>Rau vanim<\/em> d\u00fb au compositeur <a href=\"https:\/\/www.iemj.org\/it\/jonas-emile-1827-1905\/\">Emile Jonas<\/a>], 7. [<em>Et Shaarei ratson<\/em> : air commun \u00e0 la plupart des traditions s\u00e9farades] et 8. [<em>Lemaancha Elokai<\/em>]. On trouve \u00e9galement des m\u00e9lodies ashk\u00e9nazes (9. <em>Uvenucho Yomar<\/em> de <a href=\"https:\/\/www.iemj.org\/it\/lewandowski-louis-lazarus-1821-1894\/\">Louis Lewandowski<\/a>, 10. <em>Maoz Tzur<\/em> [air ashk\u00e9naze classique] et 11. <em>Echad Mi Yodea<\/em> [chanson de Pessah sur l\u2019air ashk\u00e9naze traditionnel]). On reconnait enfin des chansons jud\u00e9o-espagnoles (4. <em>Befi Yesharim<\/em> sur l\u2019air de <a href=\"https:\/\/www.iemj.org\/it\/uskudara-fel-shara-terk-in-america-et-cetera\/\"><em>\u00dcsk\u00fcdara<\/em><\/a>, 5. <em>Kedusha<\/em> sur <em>La rosa enflorece<\/em>) et isra\u00e9lienne (3. <em>Nishmat<\/em> sur l\u2019air de <a href=\"https:\/\/www.iemj.org\/it\/yeroushalayim-shel-zahav-jerusalem-dor\/\"><em>Yerushalayim Shel Zahav<\/em><\/a>).<\/p>\n<p>Cos\u00ec, contrariamente all&#8217;affermazione del libretto secondo cui esiste un repertorio originale di musica sinagogale roman\u00ed, gran parte delle melodie contenute in questo cofanetto provengono da contesti diversi. Sebbene lo stile di canto ed alcuni ornamenti sembrano specifici del rito romanitico, ci sono anche molte melodie del rito sefardita portoghese di Francia (si veda la playlist qui sotto per il n. 2 [<em>Rau vanim<\/em> del compositore <a href=\"https:\/\/www.iemj.org\/it\/jonas-emile-1827-1905\/\">Emile Jonas<\/a>], il n. 7 [<em>Et Shaarei ratson<\/em>: una melodia comune alla maggior parte delle tradizioni sefardite] ed il n. 8. [<em>Lemaancha Elokai<\/em>]. Sono presenti anche melodie ashkenazite (9. <em>Uvenucho Yomar<\/em> di <a href=\"https:\/\/www.iemj.org\/it\/lewandowski-louis-lazarus-1821-1894\/\">Louis Lewandowski<\/a>, 10. <em>Maoz Tzur<\/em> [classico brano ashkenazita] ed 11. <em>Echad Mi Yodea <\/em>[canzone pasquale con melodia tradizionale ashkenazita]). Ci sono anche canzoni spagnole-ebraiche (4. <em>Befi Yesharim<\/em> sulla melodia di <a href=\"https:\/\/www.iemj.org\/it\/uskudara-fel-shara-terk-in-america-et-cetera\/\"><em>\u00dcsk\u00fcdara<\/em><\/a>, 5. <em>Kedusha<\/em> su <em>La rosa enflorece<\/em>) ed israeliane (3. <em>Nishmat<\/em> sulla melodia di <a href=\"https:\/\/www.iemj.org\/it\/yeroushalayim-shel-zahav-jerusalem-dor\/\"><em>Yerushalayim Shel Zahav<\/em><\/a>).<\/p>\n<p>Questo &#8220;patchwork&#8221; \u00e8 tipico delle tradizioni ebraiche. \u00c8 deplorevole, tuttavia, che questo tentativo di far rivivere una tradizione in via di estinzione si basi sulla registrazione di un&#8217;unica fonte sonora, il che rende difficile identificare ci\u00f2 che \u00e8 individuale o collettivo, tradizione od un adattamento.<\/p>\n<p><a href=\"https:\/\/www.ezjm.hmtm-hannover.de\/en\/research\/cd-project-romaniote-tradition\/\" target=\"_blank\" rel=\"noopener\">Ordinare il cofanetto Cantor Haim Ischakis<\/a><br \/><a href=\"https:\/\/it.wikipedia.org\/wiki\/Romanioti\" target=\"_blank\" rel=\"noopener\">Vedere l&#8217;articolo di Wikipedia sugli ebrei roman\u00ed<\/a><\/p>\n\n<div class=\"wp-block-image\">\n<figure class=\"aligncenter size-large\"><img decoding=\"async\" width=\"1024\" height=\"133\" src=\"https:\/\/www.iemj.org\/wp-content\/uploads\/2024\/03\/AUDIO-PLAYER-1024x133.png\" alt=\"\" class=\"wp-image-110609\" srcset=\"https:\/\/www.iemj.org\/wp-content\/uploads\/2024\/03\/AUDIO-PLAYER-1024x133.png 1024w, https:\/\/www.iemj.org\/wp-content\/uploads\/2024\/03\/AUDIO-PLAYER-300x39.png 300w, https:\/\/www.iemj.org\/wp-content\/uploads\/2024\/03\/AUDIO-PLAYER-768x100.png 768w, https:\/\/www.iemj.org\/wp-content\/uploads\/2024\/03\/AUDIO-PLAYER-600x78.png 600w, https:\/\/www.iemj.org\/wp-content\/uploads\/2024\/03\/AUDIO-PLAYER.png 1210w\" sizes=\"(max-width: 1024px) 100vw, 1024px\" \/><\/figure>\n<\/div>\n\n\n<div class=\"wp-block-file\"><a id=\"wp-block-file--media-01cec526-da9f-4266-a6c1-8fc4311e6d5d\" href=\"https:\/\/www.iemj.org\/wp-content\/uploads\/2019\/05\/1_kaddish_de_shabbat_extrait_.mp3\">1) Kaddish de Shabbat (Extrait)<\/a><\/div>\n\n\n\n<div class=\"wp-block-file\"><a id=\"wp-block-file--media-17481d35-9911-4c56-921f-3c104f53e13e\" href=\"https:\/\/www.iemj.org\/wp-content\/uploads\/2019\/05\/2_rau_vanim_extrait_.mp3\">2) Rau vanim (Extrait)<\/a><\/div>\n\n\n\n<div class=\"wp-block-file\"><a id=\"wp-block-file--media-2d9eb6e8-11d8-492c-962b-afd0171eff9a\" href=\"https:\/\/www.iemj.org\/wp-content\/uploads\/2019\/05\/3_nishmat_kol_chai_extrait_.mp3\">3) Nishmat kol Chai (Extrait)<\/a><\/div>\n\n\n\n<div class=\"wp-block-file\"><a id=\"wp-block-file--media-3b359a2a-c773-463a-adc8-a53867fc0a1b\" href=\"https:\/\/www.iemj.org\/wp-content\/uploads\/2019\/05\/4_befi_yesharim_titromam_extrait_.mp3\">4) Befi Yesharim Titromam (Extrait)<\/a><\/div>\n\n\n\n<div class=\"wp-block-file\"><a id=\"wp-block-file--media-58c81603-6920-4167-bad1-50bf643e4749\" href=\"https:\/\/www.iemj.org\/wp-content\/uploads\/2019\/05\/5_kedusha_nakdishach_venaaritsach_extrait_.mp3\">5) Kedusha Nakdishach Venaaritsach (Extrait)<\/a><\/div>\n\n\n\n<div class=\"wp-block-file\"><a id=\"wp-block-file--media-49dec783-56c6-4123-8251-5c46a7d6314f\" href=\"https:\/\/www.iemj.org\/wp-content\/uploads\/2019\/05\/6_achot_ketana_extrait_.mp3\">6) Achot Ketana (Extrait)<\/a><\/div>\n\n\n\n<div class=\"wp-block-file\"><a id=\"wp-block-file--media-79fcfc84-babb-4596-8530-cb702cde6f88\" href=\"https:\/\/www.iemj.org\/wp-content\/uploads\/2019\/05\/7_et_shaare_ratson_extrait_.mp3\">7) Et  Shaare Ratson (Extrait)<\/a><\/div>\n\n\n\n<div class=\"wp-block-file\"><a id=\"wp-block-file--media-95748fd6-e8d9-4ce9-8851-1ab58b2611ba\" href=\"https:\/\/www.iemj.org\/wp-content\/uploads\/2019\/05\/8_lemaancha_elokai_extrait_.mp3\">8) Lemaancha Elokai (Extrait)<\/a><\/div>\n\n\n\n<div class=\"wp-block-file\"><a id=\"wp-block-file--media-defcc7a1-792e-41c4-bc9a-e78ca1c401d6\" href=\"https:\/\/www.iemj.org\/wp-content\/uploads\/2019\/05\/9_uvnucho_yomar_extrait_.mp3\">9) Uvnucho Yomar (Extrait)<\/a><\/div>\n\n\n\n<div class=\"wp-block-file\"><a id=\"wp-block-file--media-e4b0023b-7179-46e3-a73b-509ef5e24528\" href=\"https:\/\/www.iemj.org\/wp-content\/uploads\/2019\/05\/10_maoz_tsur_extrait_.mp3\">10) Maoz Tsur (Extrait)<\/a><\/div>\n\n\n\n<div class=\"wp-block-file\"><a id=\"wp-block-file--media-d9e3aca9-dabe-48b9-b69e-631e225f878e\" href=\"https:\/\/www.iemj.org\/wp-content\/uploads\/2019\/05\/11_echad_mi_yodea_extrait_.mp3\">11) Echad Mi Yodea (Extrait)<\/a><\/div>\n","protected":false},"excerpt":{"rendered":"<p>Pubblicato nel 2018 dall&#8217;Europ\u00e4ische Zentrum f\u00fcr J\u00fcdische Musik (EZJM) di Hannover, questo cofanetto di 4 CD offre un&#8217;ampia panoramica musicale della tradizione liturgica degli ebrei romanici in Grecia.<\/p>\n","protected":false},"author":1045,"featured_media":99632,"comment_status":"closed","ping_status":"closed","sticky":false,"template":"","format":"standard","meta":{"_acf_changed":false,"footnotes":""},"categories":[1569,1564],"tags":[4045],"technique":[],"squelettes":[],"sujet":[],"formation":[],"genre":[1892],"fonds":[],"tradition":[1968],"type-de-contenu":[],"interprete-compositeur":[],"frise":[],"type-devenement":[],"tableaux-liens-externes":[],"class_list":["post-99631","post","type-post","status-publish","format-standard","has-post-thumbnail","hentry","category-cd-it","category-ultimi-acquisti-it","tag-grecia","genre-liturgia-it","tradition-rito-romanitico-it"],"acf":[],"yoast_head":"<!-- This site is optimized with the Yoast SEO plugin v27.3 - https:\/\/yoast.com\/product\/yoast-seo-wordpress\/ -->\n<title>Cantor Haim Ischakis - Institut Europ\u00e9en des Musiques Juives<\/title>\n<meta name=\"robots\" content=\"index, follow, max-snippet:-1, max-image-preview:large, max-video-preview:-1\" \/>\n<link rel=\"canonical\" href=\"https:\/\/www.iemj.org\/it\/cantor-haim-ischakis\/\" \/>\n<meta property=\"og:locale\" content=\"it_IT\" \/>\n<meta property=\"og:type\" content=\"article\" \/>\n<meta property=\"og:title\" content=\"Cantor Haim Ischakis - Institut Europ\u00e9en des Musiques Juives\" \/>\n<meta property=\"og:description\" content=\"Pubblicato nel 2018 dall&#8217;Europ\u00e4ische Zentrum f\u00fcr J\u00fcdische Musik (EZJM) di Hannover, questo cofanetto di 4 CD offre un&#8217;ampia panoramica musicale della tradizione liturgica degli ebrei romanici in Grecia.\" \/>\n<meta property=\"og:url\" content=\"https:\/\/www.iemj.org\/it\/cantor-haim-ischakis\/\" \/>\n<meta property=\"og:site_name\" content=\"Institut Europ\u00e9en des Musiques Juives\" \/>\n<meta property=\"article:publisher\" content=\"https:\/\/www.facebook.com\/MusiquesJuives\/\" \/>\n<meta property=\"article:published_time\" content=\"2019-05-21T14:56:36+00:00\" \/>\n<meta property=\"article:modified_time\" content=\"2025-09-17T08:11:55+00:00\" \/>\n<meta property=\"og:image\" content=\"https:\/\/www.iemj.org\/wp-content\/uploads\/2019\/05\/arton4169-e1619095324361.jpg\" \/>\n\t<meta property=\"og:image:width\" content=\"350\" \/>\n\t<meta property=\"og:image:height\" content=\"325\" \/>\n\t<meta property=\"og:image:type\" content=\"image\/jpeg\" \/>\n<meta name=\"author\" content=\"Herv\u00e9 Roten\" \/>\n<meta name=\"twitter:card\" content=\"summary_large_image\" \/>\n<meta name=\"twitter:label1\" content=\"Scritto da\" \/>\n\t<meta name=\"twitter:data1\" content=\"Herv\u00e9 Roten\" \/>\n\t<meta name=\"twitter:label2\" content=\"Tempo di lettura stimato\" \/>\n\t<meta name=\"twitter:data2\" content=\"6 minuti\" \/>\n<script type=\"application\/ld+json\" class=\"yoast-schema-graph\">{\"@context\":\"https:\\\/\\\/schema.org\",\"@graph\":[{\"@type\":\"Article\",\"@id\":\"https:\\\/\\\/www.iemj.org\\\/it\\\/cantor-haim-ischakis\\\/#article\",\"isPartOf\":{\"@id\":\"https:\\\/\\\/www.iemj.org\\\/it\\\/cantor-haim-ischakis\\\/\"},\"author\":{\"name\":\"Herv\u00e9 Roten\",\"@id\":\"https:\\\/\\\/www.iemj.org\\\/it\\\/#\\\/schema\\\/person\\\/906134402c29d5c76e7b726261dd4bbd\"},\"headline\":\"Cantor Haim Ischakis\",\"datePublished\":\"2019-05-21T14:56:36+00:00\",\"dateModified\":\"2025-09-17T08:11:55+00:00\",\"mainEntityOfPage\":{\"@id\":\"https:\\\/\\\/www.iemj.org\\\/it\\\/cantor-haim-ischakis\\\/\"},\"wordCount\":868,\"publisher\":{\"@id\":\"https:\\\/\\\/www.iemj.org\\\/it\\\/#organization\"},\"image\":{\"@id\":\"https:\\\/\\\/www.iemj.org\\\/it\\\/cantor-haim-ischakis\\\/#primaryimage\"},\"thumbnailUrl\":\"https:\\\/\\\/www.iemj.org\\\/wp-content\\\/uploads\\\/2019\\\/05\\\/arton4169-e1619095324361.jpg\",\"keywords\":[\"Grecia\"],\"articleSection\":[\"CD\",\"Ultimi acquisti\"],\"inLanguage\":\"it-IT\"},{\"@type\":\"WebPage\",\"@id\":\"https:\\\/\\\/www.iemj.org\\\/it\\\/cantor-haim-ischakis\\\/\",\"url\":\"https:\\\/\\\/www.iemj.org\\\/it\\\/cantor-haim-ischakis\\\/\",\"name\":\"Cantor Haim Ischakis - Institut Europ\u00e9en des Musiques Juives\",\"isPartOf\":{\"@id\":\"https:\\\/\\\/www.iemj.org\\\/it\\\/#website\"},\"primaryImageOfPage\":{\"@id\":\"https:\\\/\\\/www.iemj.org\\\/it\\\/cantor-haim-ischakis\\\/#primaryimage\"},\"image\":{\"@id\":\"https:\\\/\\\/www.iemj.org\\\/it\\\/cantor-haim-ischakis\\\/#primaryimage\"},\"thumbnailUrl\":\"https:\\\/\\\/www.iemj.org\\\/wp-content\\\/uploads\\\/2019\\\/05\\\/arton4169-e1619095324361.jpg\",\"datePublished\":\"2019-05-21T14:56:36+00:00\",\"dateModified\":\"2025-09-17T08:11:55+00:00\",\"breadcrumb\":{\"@id\":\"https:\\\/\\\/www.iemj.org\\\/it\\\/cantor-haim-ischakis\\\/#breadcrumb\"},\"inLanguage\":\"it-IT\",\"potentialAction\":[{\"@type\":\"ReadAction\",\"target\":[\"https:\\\/\\\/www.iemj.org\\\/it\\\/cantor-haim-ischakis\\\/\"]}]},{\"@type\":\"ImageObject\",\"inLanguage\":\"it-IT\",\"@id\":\"https:\\\/\\\/www.iemj.org\\\/it\\\/cantor-haim-ischakis\\\/#primaryimage\",\"url\":\"https:\\\/\\\/www.iemj.org\\\/wp-content\\\/uploads\\\/2019\\\/05\\\/arton4169-e1619095324361.jpg\",\"contentUrl\":\"https:\\\/\\\/www.iemj.org\\\/wp-content\\\/uploads\\\/2019\\\/05\\\/arton4169-e1619095324361.jpg\",\"width\":350,\"height\":325},{\"@type\":\"BreadcrumbList\",\"@id\":\"https:\\\/\\\/www.iemj.org\\\/it\\\/cantor-haim-ischakis\\\/#breadcrumb\",\"itemListElement\":[{\"@type\":\"ListItem\",\"position\":1,\"name\":\"Accueil\",\"item\":\"https:\\\/\\\/www.iemj.org\\\/it\\\/\"},{\"@type\":\"ListItem\",\"position\":2,\"name\":\"Cantor Haim Ischakis\"}]},{\"@type\":\"WebSite\",\"@id\":\"https:\\\/\\\/www.iemj.org\\\/it\\\/#website\",\"url\":\"https:\\\/\\\/www.iemj.org\\\/it\\\/\",\"name\":\"Institut Europ\u00e9en des Musiques Juives\",\"description\":\"Des traditions musicales \u00e0 la port\u00e9e de tous\",\"publisher\":{\"@id\":\"https:\\\/\\\/www.iemj.org\\\/it\\\/#organization\"},\"potentialAction\":[{\"@type\":\"SearchAction\",\"target\":{\"@type\":\"EntryPoint\",\"urlTemplate\":\"https:\\\/\\\/www.iemj.org\\\/it\\\/?s={search_term_string}\"},\"query-input\":{\"@type\":\"PropertyValueSpecification\",\"valueRequired\":true,\"valueName\":\"search_term_string\"}}],\"inLanguage\":\"it-IT\"},{\"@type\":\"Organization\",\"@id\":\"https:\\\/\\\/www.iemj.org\\\/it\\\/#organization\",\"name\":\"Institut Europ\u00e9en des Musiques Juives\",\"url\":\"https:\\\/\\\/www.iemj.org\\\/it\\\/\",\"logo\":{\"@type\":\"ImageObject\",\"inLanguage\":\"it-IT\",\"@id\":\"https:\\\/\\\/www.iemj.org\\\/it\\\/#\\\/schema\\\/logo\\\/image\\\/\",\"url\":\"https:\\\/\\\/www.iemj.org\\\/wp-content\\\/uploads\\\/2021\\\/09\\\/Logo-IEMJ-Paypal.jpg\",\"contentUrl\":\"https:\\\/\\\/www.iemj.org\\\/wp-content\\\/uploads\\\/2021\\\/09\\\/Logo-IEMJ-Paypal.jpg\",\"width\":150,\"height\":50,\"caption\":\"Institut Europ\u00e9en des Musiques Juives\"},\"image\":{\"@id\":\"https:\\\/\\\/www.iemj.org\\\/it\\\/#\\\/schema\\\/logo\\\/image\\\/\"},\"sameAs\":[\"https:\\\/\\\/www.facebook.com\\\/MusiquesJuives\\\/\",\"https:\\\/\\\/www.instagram.com\\\/musiquesjuives\\\/\",\"https:\\\/\\\/www.youtube.com\\\/user\\\/musiquesjuives\"]},{\"@type\":\"Person\",\"@id\":\"https:\\\/\\\/www.iemj.org\\\/it\\\/#\\\/schema\\\/person\\\/906134402c29d5c76e7b726261dd4bbd\",\"name\":\"Herv\u00e9 Roten\",\"image\":{\"@type\":\"ImageObject\",\"inLanguage\":\"it-IT\",\"@id\":\"https:\\\/\\\/secure.gravatar.com\\\/avatar\\\/f96ad2db538a26481f18384936b5cd0610c92d390c4dc382209216d455f685ff?s=96&d=mm&r=g\",\"url\":\"https:\\\/\\\/secure.gravatar.com\\\/avatar\\\/f96ad2db538a26481f18384936b5cd0610c92d390c4dc382209216d455f685ff?s=96&d=mm&r=g\",\"contentUrl\":\"https:\\\/\\\/secure.gravatar.com\\\/avatar\\\/f96ad2db538a26481f18384936b5cd0610c92d390c4dc382209216d455f685ff?s=96&d=mm&r=g\",\"caption\":\"Herv\u00e9 Roten\"}}]}<\/script>\n<!-- \/ Yoast SEO plugin. -->","yoast_head_json":{"title":"Cantor Haim Ischakis - Institut Europ\u00e9en des Musiques Juives","robots":{"index":"index","follow":"follow","max-snippet":"max-snippet:-1","max-image-preview":"max-image-preview:large","max-video-preview":"max-video-preview:-1"},"canonical":"https:\/\/www.iemj.org\/it\/cantor-haim-ischakis\/","og_locale":"it_IT","og_type":"article","og_title":"Cantor Haim Ischakis - Institut Europ\u00e9en des Musiques Juives","og_description":"Pubblicato nel 2018 dall&#8217;Europ\u00e4ische Zentrum f\u00fcr J\u00fcdische Musik (EZJM) di Hannover, questo cofanetto di 4 CD offre un&#8217;ampia panoramica musicale della tradizione liturgica degli ebrei romanici in Grecia.","og_url":"https:\/\/www.iemj.org\/it\/cantor-haim-ischakis\/","og_site_name":"Institut Europ\u00e9en des Musiques Juives","article_publisher":"https:\/\/www.facebook.com\/MusiquesJuives\/","article_published_time":"2019-05-21T14:56:36+00:00","article_modified_time":"2025-09-17T08:11:55+00:00","og_image":[{"width":350,"height":325,"url":"https:\/\/www.iemj.org\/wp-content\/uploads\/2019\/05\/arton4169-e1619095324361.jpg","type":"image\/jpeg"}],"author":"Herv\u00e9 Roten","twitter_card":"summary_large_image","twitter_misc":{"Scritto da":"Herv\u00e9 Roten","Tempo di lettura stimato":"6 minuti"},"schema":{"@context":"https:\/\/schema.org","@graph":[{"@type":"Article","@id":"https:\/\/www.iemj.org\/it\/cantor-haim-ischakis\/#article","isPartOf":{"@id":"https:\/\/www.iemj.org\/it\/cantor-haim-ischakis\/"},"author":{"name":"Herv\u00e9 Roten","@id":"https:\/\/www.iemj.org\/it\/#\/schema\/person\/906134402c29d5c76e7b726261dd4bbd"},"headline":"Cantor Haim Ischakis","datePublished":"2019-05-21T14:56:36+00:00","dateModified":"2025-09-17T08:11:55+00:00","mainEntityOfPage":{"@id":"https:\/\/www.iemj.org\/it\/cantor-haim-ischakis\/"},"wordCount":868,"publisher":{"@id":"https:\/\/www.iemj.org\/it\/#organization"},"image":{"@id":"https:\/\/www.iemj.org\/it\/cantor-haim-ischakis\/#primaryimage"},"thumbnailUrl":"https:\/\/www.iemj.org\/wp-content\/uploads\/2019\/05\/arton4169-e1619095324361.jpg","keywords":["Grecia"],"articleSection":["CD","Ultimi acquisti"],"inLanguage":"it-IT"},{"@type":"WebPage","@id":"https:\/\/www.iemj.org\/it\/cantor-haim-ischakis\/","url":"https:\/\/www.iemj.org\/it\/cantor-haim-ischakis\/","name":"Cantor Haim Ischakis - Institut Europ\u00e9en des Musiques Juives","isPartOf":{"@id":"https:\/\/www.iemj.org\/it\/#website"},"primaryImageOfPage":{"@id":"https:\/\/www.iemj.org\/it\/cantor-haim-ischakis\/#primaryimage"},"image":{"@id":"https:\/\/www.iemj.org\/it\/cantor-haim-ischakis\/#primaryimage"},"thumbnailUrl":"https:\/\/www.iemj.org\/wp-content\/uploads\/2019\/05\/arton4169-e1619095324361.jpg","datePublished":"2019-05-21T14:56:36+00:00","dateModified":"2025-09-17T08:11:55+00:00","breadcrumb":{"@id":"https:\/\/www.iemj.org\/it\/cantor-haim-ischakis\/#breadcrumb"},"inLanguage":"it-IT","potentialAction":[{"@type":"ReadAction","target":["https:\/\/www.iemj.org\/it\/cantor-haim-ischakis\/"]}]},{"@type":"ImageObject","inLanguage":"it-IT","@id":"https:\/\/www.iemj.org\/it\/cantor-haim-ischakis\/#primaryimage","url":"https:\/\/www.iemj.org\/wp-content\/uploads\/2019\/05\/arton4169-e1619095324361.jpg","contentUrl":"https:\/\/www.iemj.org\/wp-content\/uploads\/2019\/05\/arton4169-e1619095324361.jpg","width":350,"height":325},{"@type":"BreadcrumbList","@id":"https:\/\/www.iemj.org\/it\/cantor-haim-ischakis\/#breadcrumb","itemListElement":[{"@type":"ListItem","position":1,"name":"Accueil","item":"https:\/\/www.iemj.org\/it\/"},{"@type":"ListItem","position":2,"name":"Cantor Haim Ischakis"}]},{"@type":"WebSite","@id":"https:\/\/www.iemj.org\/it\/#website","url":"https:\/\/www.iemj.org\/it\/","name":"Institut Europ\u00e9en des Musiques Juives","description":"Des traditions musicales \u00e0 la port\u00e9e de tous","publisher":{"@id":"https:\/\/www.iemj.org\/it\/#organization"},"potentialAction":[{"@type":"SearchAction","target":{"@type":"EntryPoint","urlTemplate":"https:\/\/www.iemj.org\/it\/?s={search_term_string}"},"query-input":{"@type":"PropertyValueSpecification","valueRequired":true,"valueName":"search_term_string"}}],"inLanguage":"it-IT"},{"@type":"Organization","@id":"https:\/\/www.iemj.org\/it\/#organization","name":"Institut Europ\u00e9en des Musiques Juives","url":"https:\/\/www.iemj.org\/it\/","logo":{"@type":"ImageObject","inLanguage":"it-IT","@id":"https:\/\/www.iemj.org\/it\/#\/schema\/logo\/image\/","url":"https:\/\/www.iemj.org\/wp-content\/uploads\/2021\/09\/Logo-IEMJ-Paypal.jpg","contentUrl":"https:\/\/www.iemj.org\/wp-content\/uploads\/2021\/09\/Logo-IEMJ-Paypal.jpg","width":150,"height":50,"caption":"Institut Europ\u00e9en des Musiques Juives"},"image":{"@id":"https:\/\/www.iemj.org\/it\/#\/schema\/logo\/image\/"},"sameAs":["https:\/\/www.facebook.com\/MusiquesJuives\/","https:\/\/www.instagram.com\/musiquesjuives\/","https:\/\/www.youtube.com\/user\/musiquesjuives"]},{"@type":"Person","@id":"https:\/\/www.iemj.org\/it\/#\/schema\/person\/906134402c29d5c76e7b726261dd4bbd","name":"Herv\u00e9 Roten","image":{"@type":"ImageObject","inLanguage":"it-IT","@id":"https:\/\/secure.gravatar.com\/avatar\/f96ad2db538a26481f18384936b5cd0610c92d390c4dc382209216d455f685ff?s=96&d=mm&r=g","url":"https:\/\/secure.gravatar.com\/avatar\/f96ad2db538a26481f18384936b5cd0610c92d390c4dc382209216d455f685ff?s=96&d=mm&r=g","contentUrl":"https:\/\/secure.gravatar.com\/avatar\/f96ad2db538a26481f18384936b5cd0610c92d390c4dc382209216d455f685ff?s=96&d=mm&r=g","caption":"Herv\u00e9 Roten"}}]}},"_links":{"self":[{"href":"https:\/\/www.iemj.org\/it\/wp-json\/wp\/v2\/posts\/99631","targetHints":{"allow":["GET"]}}],"collection":[{"href":"https:\/\/www.iemj.org\/it\/wp-json\/wp\/v2\/posts"}],"about":[{"href":"https:\/\/www.iemj.org\/it\/wp-json\/wp\/v2\/types\/post"}],"author":[{"embeddable":true,"href":"https:\/\/www.iemj.org\/it\/wp-json\/wp\/v2\/users\/1045"}],"replies":[{"embeddable":true,"href":"https:\/\/www.iemj.org\/it\/wp-json\/wp\/v2\/comments?post=99631"}],"version-history":[{"count":0,"href":"https:\/\/www.iemj.org\/it\/wp-json\/wp\/v2\/posts\/99631\/revisions"}],"wp:featuredmedia":[{"embeddable":true,"href":"https:\/\/www.iemj.org\/it\/wp-json\/wp\/v2\/media\/99632"}],"wp:attachment":[{"href":"https:\/\/www.iemj.org\/it\/wp-json\/wp\/v2\/media?parent=99631"}],"wp:term":[{"taxonomy":"category","embeddable":true,"href":"https:\/\/www.iemj.org\/it\/wp-json\/wp\/v2\/categories?post=99631"},{"taxonomy":"post_tag","embeddable":true,"href":"https:\/\/www.iemj.org\/it\/wp-json\/wp\/v2\/tags?post=99631"},{"taxonomy":"technique","embeddable":true,"href":"https:\/\/www.iemj.org\/it\/wp-json\/wp\/v2\/technique?post=99631"},{"taxonomy":"squelettes","embeddable":true,"href":"https:\/\/www.iemj.org\/it\/wp-json\/wp\/v2\/squelettes?post=99631"},{"taxonomy":"sujet","embeddable":true,"href":"https:\/\/www.iemj.org\/it\/wp-json\/wp\/v2\/sujet?post=99631"},{"taxonomy":"formation","embeddable":true,"href":"https:\/\/www.iemj.org\/it\/wp-json\/wp\/v2\/formation?post=99631"},{"taxonomy":"genre","embeddable":true,"href":"https:\/\/www.iemj.org\/it\/wp-json\/wp\/v2\/genre?post=99631"},{"taxonomy":"fonds","embeddable":true,"href":"https:\/\/www.iemj.org\/it\/wp-json\/wp\/v2\/fonds?post=99631"},{"taxonomy":"tradition","embeddable":true,"href":"https:\/\/www.iemj.org\/it\/wp-json\/wp\/v2\/tradition?post=99631"},{"taxonomy":"type-de-contenu","embeddable":true,"href":"https:\/\/www.iemj.org\/it\/wp-json\/wp\/v2\/type-de-contenu?post=99631"},{"taxonomy":"interprete-compositeur","embeddable":true,"href":"https:\/\/www.iemj.org\/it\/wp-json\/wp\/v2\/interprete-compositeur?post=99631"},{"taxonomy":"frise","embeddable":true,"href":"https:\/\/www.iemj.org\/it\/wp-json\/wp\/v2\/frise?post=99631"},{"taxonomy":"type-devenement","embeddable":true,"href":"https:\/\/www.iemj.org\/it\/wp-json\/wp\/v2\/type-devenement?post=99631"},{"taxonomy":"tableaux-liens-externes","embeddable":true,"href":"https:\/\/www.iemj.org\/it\/wp-json\/wp\/v2\/tableaux-liens-externes?post=99631"}],"curies":[{"name":"wp","href":"https:\/\/api.w.org\/{rel}","templated":true}]}}