{"id":99643,"date":"2019-05-14T17:45:03","date_gmt":"2019-05-14T15:45:03","guid":{"rendered":"https:\/\/www.iemj.org\/the-yiddish-cabaret-korngold-schulhoff-desyatnikov\/"},"modified":"2025-09-09T17:38:34","modified_gmt":"2025-09-09T15:38:34","slug":"the-yiddish-cabaret-korngold-schulhoff-desyatnikov","status":"publish","type":"post","link":"https:\/\/www.iemj.org\/it\/the-yiddish-cabaret-korngold-schulhoff-desyatnikov\/","title":{"rendered":"The yiddish cabaret &#8211; Korngold \/ Schulhoff \/ Desyatnikov"},"content":{"rendered":"<p class=\"post_excerpt\">Harmonia Mundi, 2019<\/p>\n<p><!--more--><\/p>\n<p>Il programma di questo CD \u00e8 il risultato del lavoro del Quartetto di Gerusalemme sulla musica dei cabaret yiddish in Polonia tra le due guerre. Per quasi due anni i quattro musicisti, assistiti dalla musicologa <a href=\"https:\/\/www.jewish-music.huji.ac.il\/content\/gila-flam\">Gila Flam<\/a>, hanno svolto ricerche negli archivi della Biblioteca Nazionale di Gerusalemme. Dopo un lungo processo di selezione, hanno scelto cinque canzoni yiddish che venivano suonate nei cabaret ebraici di Varsavia e \u0141\u00f3d\u017a tra il 1919 ed il 1939. La prima \u00e8 una canzone nostalgica sulla citt\u00e0 di Varsavia (<em>Varshe<\/em>), la seconda una parodia di una canzone americana sul destino di una prostituta ebrea (<em>In a hoyz vu men veynt un men lakht<\/em>). La terza (<em>Ikh ganve in der nakht<\/em>) e la quinta canzone (<em>Ikh vel shoyn mer nit ganvenen<\/em>) derivano dalle &#8220;canzoni dei ladri&#8221; yiddish della malavita ebraica. La quarta canzone (<em>Yosl und Sore-Dvoshe<\/em>) \u00e8 un duetto tra un uomo ed una donna che vivono in povert\u00e0 ma sognano di avere una grande famiglia e di vivere felici in una grande citt\u00e0.<br \/>Queste cinque canzoni sono servite come &#8220;materia prima&#8221; per una creazione del compositore israeliano <strong>Leonid Desyatnikov<\/strong> (1955), che le ha adattate per voce (qui interpretata in yiddish dalla soprano israeliana Hila Baggio) e quartetto d&#8217;archi. Come sottolinea Desyatnikov nel documentato libretto del disco scritto da Gila Flam: &#8220;Il mio ciclo \u00e8 una serie di trascrizioni libere di questa musica, comunemente descritta come &#8216;di bassa classe&#8217;. \u00c8 la cultura eclettica del proletariato e degli stranieri, la cultura dello chic a buon mercato, ed allo stesso tempo &#8211; nelle sue forme migliori &#8211; una cultura insolente e talentuosa, piena di autoironia e disperazione latente&#8221;. Gila Flam aggiunge che &#8220;i musicisti e gli interpreti ebrei svolgevano un ruolo di primo piano nella musica popolare in Polonia, contribuendo ad ampliare il repertorio di canzoni polacche e yiddish. Cos\u00ec facendo, hanno influenzato tutta la musica di cabaret europea, nonch\u00e9 la musica cinematografica di Hollywood e la musica teatrale di Broadway in America&#8221;.<\/p>\n<p>Ed \u00e8 proprio a Hollywood che il compositore ebreo <strong>Erich Wolfgang Korngold<\/strong> (1897-1957) ha svolto gran parte della sua carriera. Nato a Brno, in Austria-Ungheria, il 29 maggio 1897, bambino prodigio talvolta paragonato a Mozart, \u00e8 stato uno degli ultimi rappresentanti del romanticismo viennese. Nel 1925, dopo Richard Strauss, era il compositore pi\u00f9 eseguito nei Paesi di lingua tedesca. Nel 1934 fa il suo primo viaggio negli Stati Uniti, dove compone soprattutto musica da film per la Warner Bros. Dopo un breve ritorno a Vienna nel 1937, emigra definitivamente nel 1938. In dodici anni scrive diciotto musiche da film, due delle quali (Anthony Adverse e Robin Hood) ottengono l&#8217;Oscar.<\/p>\n<p>Il suo <em>Quartetto per archi n. 2 op. 26<\/em>, in quattro movimenti, \u00e8 stato composto nel 1933 ed eseguito per la prima volta a Vienna dal Quartetto Rose il 16 marzo 1934, poco prima della partenza del compositore per gli Stati Uniti. Secondo il Quartetto d&#8217;archi di Gerusalemme, quest&#8217;opera riflette la profonda nostalgia di Korngold per le tradizioni musicali dell&#8217;Europa centrale.<\/p>\n<p>L&#8217;ultima opera di questo disco un po&#8217; eclettico \u00e8 del compositore ceco <strong>Erwin Schulhoff<\/strong> (1894-1942). Nato a Praga nel 1894 da una famiglia ebraica, Schulhoff \u00e8 stato notato e incoraggiato presto da Dvo\u0159\u00e1k. Il suo stile \u00e8 caratterizzato da una miscela di atonalit\u00e0, surrealismo e repertori popolari. Arrestato dai nazisti il 22 giugno 1941, \u00e8 stato internato nella fortezza di W\u00fclzburg, in Baviera, dove \u00e8 morto di tubercolosi il 28 agosto 1942.<\/p>\n<p>Le sue <em>inq pi\u00e8ces pour quatuor \u00e0 cordes<\/em> (1923), dedicate a Darius Milhaud, furono eseguite per la prima volta a Salisburgo l&#8217;8 agosto 1924. Si tratta di una serie di danze (valzer, tango, tarantella, ecc.) di ispirazione della musica popolare dell&#8217;epoca.<\/p>\n<p><a href=\"http:\/\/www.jerusalem-quartet.com\/index.php\/news\/1258-yiddish-a-new-project-celebrating-jewish-influence-on-xx-century-music\" target=\"_blank\" rel=\"noopener\">Per saperne di pi\u00f9 sul Quartetto di Gerusalemme<\/a><br \/><a href=\"https:\/\/musique.fnac.com\/a13475634\/Erich-Wolfgang-Korngold-The-Yiddish-Cabaret-CD-album\" target=\"_blank\" rel=\"noopener\">Ordinare il CD<\/a><\/p>\n\n<div class=\"wp-block-image\">\n<figure class=\"aligncenter size-large\"><img fetchpriority=\"high\" decoding=\"async\" width=\"1024\" height=\"133\" src=\"https:\/\/www.iemj.org\/wp-content\/uploads\/2024\/03\/AUDIO-PLAYER-1024x133.png\" alt=\"\" class=\"wp-image-110609\" srcset=\"https:\/\/www.iemj.org\/wp-content\/uploads\/2024\/03\/AUDIO-PLAYER-1024x133.png 1024w, https:\/\/www.iemj.org\/wp-content\/uploads\/2024\/03\/AUDIO-PLAYER-300x39.png 300w, https:\/\/www.iemj.org\/wp-content\/uploads\/2024\/03\/AUDIO-PLAYER-768x100.png 768w, https:\/\/www.iemj.org\/wp-content\/uploads\/2024\/03\/AUDIO-PLAYER-600x78.png 600w, https:\/\/www.iemj.org\/wp-content\/uploads\/2024\/03\/AUDIO-PLAYER.png 1210w\" sizes=\"(max-width: 1024px) 100vw, 1024px\" \/><\/figure>\n<\/div>\n\n\n<div class=\"wp-block-file\"><a id=\"wp-block-file--media-8de879dc-ce51-4e9d-81e1-def72ccd52ad\" href=\"https:\/\/www.iemj.org\/wp-content\/uploads\/2019\/05\/1_korngold_quatuor_cordes_n_2_2_intermezzo_siteiemj.mp3\">Korngold &#8211; Intermezzo (Quatuor \u00e0 cordes n\u00b0 2) (Extrait)<\/a><\/div>\n\n\n\n<div class=\"wp-block-file\"><a id=\"wp-block-file--media-9497d117-5694-4d5c-bb72-6939cbac5807\" href=\"https:\/\/www.iemj.org\/wp-content\/uploads\/2019\/05\/2_schulhoff_cinq_pi_ces_pour_quatuor_cordes_5_alla_tarantella_siteiemj.mp3\">Schulhoff &#8211; Alla Tarantella (Cinq pi\u00e8ces pour quatuor \u00e0 cordes) (Extrait)<\/a><\/div>\n\n\n\n<div class=\"wp-block-file\"><a id=\"wp-block-file--media-5d83776b-0af3-472a-9a9e-5282963b6b46\" href=\"https:\/\/www.iemj.org\/wp-content\/uploads\/2019\/05\/3_desyatnikov_5_chansons_de_cabaret_yiddish_pour_voix_et_quatuor_cordes_1_varshe_siteiemj.mp3\">Desyatnikov &#8211; Varshe (5 chansons de cabaret yiddish pour voix et quatuor \u00e0 cordes) (Extrait)<\/a><\/div>\n\n\n\n<div class=\"wp-block-file\"><a id=\"wp-block-file--media-4e3b4de3-c60c-41a1-abb7-2c21aa04875f\" href=\"https:\/\/www.iemj.org\/wp-content\/uploads\/2019\/05\/4_desyatnikov_5_chansons_de_cabaret_yiddish_pour_voix_et_quatuor_cordes_2_in_a_hoyz_siteiemj.mp3\">Desyatnikov &#8211; In a hoyz (5 chansons de cabaret yiddish pour voix et quatuor \u00e0 cordes) (Extrait)<\/a><\/div>\n\n\n\n<div class=\"wp-block-file\"><a id=\"wp-block-file--media-577c1cfb-d986-4117-aa1e-862393dacf1c\" href=\"https:\/\/www.iemj.org\/wp-content\/uploads\/2019\/05\/5_desyatnikov_5_chansons_de_cabaret_yiddish_pour_voix_et_quatuor_cordes_3_ikh_ganve_in_der_nakht_siteiemj.mp3\">Desyatnikov &#8211; Ikh ganve in der nakht (5 chansons de cabaret yiddish pour voix et quatuor \u00e0 cordes) (Extrait)<\/a><\/div>\n\n\n\n<div class=\"wp-block-file\"><a id=\"wp-block-file--media-90c36e2e-74b9-4ad7-a30a-a25dfc0574ea\" href=\"https:\/\/www.iemj.org\/wp-content\/uploads\/2019\/05\/6_desyatnikov_5_chansons_de_cabaret_yiddish_pour_voix_et_quatuor_cordes_4_yosl_und_sore-dvoshe_siteiemj.mp3\">Desyatnikov &#8211; Yosl und Sore, Dvoshe (5 chansons de cabaret yiddish pour voix et quatuor \u00e0 cordes) (Extrait)<\/a><\/div>\n\n\n\n<div class=\"wp-block-file\"><a id=\"wp-block-file--media-da6e0a23-cea2-4d1e-8c5d-829b300b90f3\" href=\"https:\/\/www.iemj.org\/wp-content\/uploads\/2019\/05\/7_desyatnikov_5_chansons_de_cabaret_yiddish_pour_voix_et_quatuor_cordes_5_ikh_vel_shoyn_mer_nit_ganvenen_siteiemj.mp3\">Desyatnikov &#8211; Ikh vel shoyn mer nit ganvenen (5 chansons de cabaret yiddish pour voix et quatuor \u00e0 cordes) (Extrait)<\/a><\/div>\n","protected":false},"excerpt":{"rendered":"<p>Harmonia Mundi, 2019<\/p>\n","protected":false},"author":1045,"featured_media":99644,"comment_status":"closed","ping_status":"closed","sticky":false,"template":"","format":"standard","meta":{"_acf_changed":false,"footnotes":""},"categories":[1569,1564],"tags":[],"technique":[],"squelettes":[],"sujet":[],"formation":[],"genre":[1901,1676],"fonds":[],"tradition":[],"type-de-contenu":[],"interprete-compositeur":[],"frise":[],"type-devenement":[],"tableaux-liens-externes":[],"class_list":["post-99643","post","type-post","status-publish","format-standard","has-post-thumbnail","hentry","category-cd-it","category-ultimi-acquisti-it","genre-musica-classica-it","genre-yiddish-it-2"],"acf":[],"yoast_head":"<!-- This site is optimized with the Yoast SEO plugin v27.3 - https:\/\/yoast.com\/product\/yoast-seo-wordpress\/ -->\n<title>The yiddish cabaret - Korngold \/ Schulhoff \/ Desyatnikov - Institut Europ\u00e9en des Musiques Juives<\/title>\n<meta name=\"robots\" content=\"index, follow, max-snippet:-1, max-image-preview:large, max-video-preview:-1\" \/>\n<link rel=\"canonical\" href=\"https:\/\/www.iemj.org\/it\/the-yiddish-cabaret-korngold-schulhoff-desyatnikov\/\" \/>\n<meta property=\"og:locale\" content=\"it_IT\" \/>\n<meta property=\"og:type\" content=\"article\" \/>\n<meta property=\"og:title\" content=\"The yiddish cabaret - Korngold \/ Schulhoff \/ Desyatnikov - Institut Europ\u00e9en des Musiques Juives\" \/>\n<meta property=\"og:description\" content=\"Harmonia Mundi, 2019\" \/>\n<meta property=\"og:url\" content=\"https:\/\/www.iemj.org\/it\/the-yiddish-cabaret-korngold-schulhoff-desyatnikov\/\" \/>\n<meta property=\"og:site_name\" content=\"Institut Europ\u00e9en des Musiques Juives\" \/>\n<meta property=\"article:publisher\" content=\"https:\/\/www.facebook.com\/MusiquesJuives\/\" \/>\n<meta property=\"article:published_time\" content=\"2019-05-14T15:45:03+00:00\" \/>\n<meta property=\"article:modified_time\" content=\"2025-09-09T15:38:34+00:00\" \/>\n<meta property=\"og:image\" content=\"https:\/\/www.iemj.org\/wp-content\/uploads\/2019\/05\/arton4152-e1619097026872.jpg\" \/>\n\t<meta property=\"og:image:width\" content=\"350\" \/>\n\t<meta property=\"og:image:height\" content=\"350\" \/>\n\t<meta property=\"og:image:type\" content=\"image\/jpeg\" \/>\n<meta name=\"author\" content=\"Herv\u00e9 Roten\" \/>\n<meta name=\"twitter:card\" content=\"summary_large_image\" \/>\n<meta name=\"twitter:label1\" content=\"Scritto da\" \/>\n\t<meta name=\"twitter:data1\" content=\"Herv\u00e9 Roten\" \/>\n\t<meta name=\"twitter:label2\" content=\"Tempo di lettura stimato\" \/>\n\t<meta name=\"twitter:data2\" content=\"5 minuti\" \/>\n<script type=\"application\/ld+json\" class=\"yoast-schema-graph\">{\"@context\":\"https:\\\/\\\/schema.org\",\"@graph\":[{\"@type\":\"Article\",\"@id\":\"https:\\\/\\\/www.iemj.org\\\/it\\\/the-yiddish-cabaret-korngold-schulhoff-desyatnikov\\\/#article\",\"isPartOf\":{\"@id\":\"https:\\\/\\\/www.iemj.org\\\/it\\\/the-yiddish-cabaret-korngold-schulhoff-desyatnikov\\\/\"},\"author\":{\"name\":\"Herv\u00e9 Roten\",\"@id\":\"https:\\\/\\\/www.iemj.org\\\/it\\\/#\\\/schema\\\/person\\\/906134402c29d5c76e7b726261dd4bbd\"},\"headline\":\"The yiddish cabaret &#8211; Korngold \\\/ Schulhoff \\\/ Desyatnikov\",\"datePublished\":\"2019-05-14T15:45:03+00:00\",\"dateModified\":\"2025-09-09T15:38:34+00:00\",\"mainEntityOfPage\":{\"@id\":\"https:\\\/\\\/www.iemj.org\\\/it\\\/the-yiddish-cabaret-korngold-schulhoff-desyatnikov\\\/\"},\"wordCount\":700,\"publisher\":{\"@id\":\"https:\\\/\\\/www.iemj.org\\\/it\\\/#organization\"},\"image\":{\"@id\":\"https:\\\/\\\/www.iemj.org\\\/it\\\/the-yiddish-cabaret-korngold-schulhoff-desyatnikov\\\/#primaryimage\"},\"thumbnailUrl\":\"https:\\\/\\\/www.iemj.org\\\/wp-content\\\/uploads\\\/2019\\\/05\\\/arton4152-e1619097026872.jpg\",\"articleSection\":[\"CD\",\"Ultimi acquisti\"],\"inLanguage\":\"it-IT\"},{\"@type\":\"WebPage\",\"@id\":\"https:\\\/\\\/www.iemj.org\\\/it\\\/the-yiddish-cabaret-korngold-schulhoff-desyatnikov\\\/\",\"url\":\"https:\\\/\\\/www.iemj.org\\\/it\\\/the-yiddish-cabaret-korngold-schulhoff-desyatnikov\\\/\",\"name\":\"The yiddish cabaret - Korngold \\\/ Schulhoff \\\/ Desyatnikov - Institut Europ\u00e9en des Musiques Juives\",\"isPartOf\":{\"@id\":\"https:\\\/\\\/www.iemj.org\\\/it\\\/#website\"},\"primaryImageOfPage\":{\"@id\":\"https:\\\/\\\/www.iemj.org\\\/it\\\/the-yiddish-cabaret-korngold-schulhoff-desyatnikov\\\/#primaryimage\"},\"image\":{\"@id\":\"https:\\\/\\\/www.iemj.org\\\/it\\\/the-yiddish-cabaret-korngold-schulhoff-desyatnikov\\\/#primaryimage\"},\"thumbnailUrl\":\"https:\\\/\\\/www.iemj.org\\\/wp-content\\\/uploads\\\/2019\\\/05\\\/arton4152-e1619097026872.jpg\",\"datePublished\":\"2019-05-14T15:45:03+00:00\",\"dateModified\":\"2025-09-09T15:38:34+00:00\",\"breadcrumb\":{\"@id\":\"https:\\\/\\\/www.iemj.org\\\/it\\\/the-yiddish-cabaret-korngold-schulhoff-desyatnikov\\\/#breadcrumb\"},\"inLanguage\":\"it-IT\",\"potentialAction\":[{\"@type\":\"ReadAction\",\"target\":[\"https:\\\/\\\/www.iemj.org\\\/it\\\/the-yiddish-cabaret-korngold-schulhoff-desyatnikov\\\/\"]}]},{\"@type\":\"ImageObject\",\"inLanguage\":\"it-IT\",\"@id\":\"https:\\\/\\\/www.iemj.org\\\/it\\\/the-yiddish-cabaret-korngold-schulhoff-desyatnikov\\\/#primaryimage\",\"url\":\"https:\\\/\\\/www.iemj.org\\\/wp-content\\\/uploads\\\/2019\\\/05\\\/arton4152-e1619097026872.jpg\",\"contentUrl\":\"https:\\\/\\\/www.iemj.org\\\/wp-content\\\/uploads\\\/2019\\\/05\\\/arton4152-e1619097026872.jpg\",\"width\":350,\"height\":350},{\"@type\":\"BreadcrumbList\",\"@id\":\"https:\\\/\\\/www.iemj.org\\\/it\\\/the-yiddish-cabaret-korngold-schulhoff-desyatnikov\\\/#breadcrumb\",\"itemListElement\":[{\"@type\":\"ListItem\",\"position\":1,\"name\":\"Accueil\",\"item\":\"https:\\\/\\\/www.iemj.org\\\/it\\\/\"},{\"@type\":\"ListItem\",\"position\":2,\"name\":\"The yiddish cabaret &#8211; Korngold \\\/ Schulhoff \\\/ Desyatnikov\"}]},{\"@type\":\"WebSite\",\"@id\":\"https:\\\/\\\/www.iemj.org\\\/it\\\/#website\",\"url\":\"https:\\\/\\\/www.iemj.org\\\/it\\\/\",\"name\":\"Institut Europ\u00e9en des Musiques Juives\",\"description\":\"Des traditions musicales \u00e0 la port\u00e9e de tous\",\"publisher\":{\"@id\":\"https:\\\/\\\/www.iemj.org\\\/it\\\/#organization\"},\"potentialAction\":[{\"@type\":\"SearchAction\",\"target\":{\"@type\":\"EntryPoint\",\"urlTemplate\":\"https:\\\/\\\/www.iemj.org\\\/it\\\/?s={search_term_string}\"},\"query-input\":{\"@type\":\"PropertyValueSpecification\",\"valueRequired\":true,\"valueName\":\"search_term_string\"}}],\"inLanguage\":\"it-IT\"},{\"@type\":\"Organization\",\"@id\":\"https:\\\/\\\/www.iemj.org\\\/it\\\/#organization\",\"name\":\"Institut Europ\u00e9en des Musiques Juives\",\"url\":\"https:\\\/\\\/www.iemj.org\\\/it\\\/\",\"logo\":{\"@type\":\"ImageObject\",\"inLanguage\":\"it-IT\",\"@id\":\"https:\\\/\\\/www.iemj.org\\\/it\\\/#\\\/schema\\\/logo\\\/image\\\/\",\"url\":\"https:\\\/\\\/www.iemj.org\\\/wp-content\\\/uploads\\\/2021\\\/09\\\/Logo-IEMJ-Paypal.jpg\",\"contentUrl\":\"https:\\\/\\\/www.iemj.org\\\/wp-content\\\/uploads\\\/2021\\\/09\\\/Logo-IEMJ-Paypal.jpg\",\"width\":150,\"height\":50,\"caption\":\"Institut Europ\u00e9en des Musiques Juives\"},\"image\":{\"@id\":\"https:\\\/\\\/www.iemj.org\\\/it\\\/#\\\/schema\\\/logo\\\/image\\\/\"},\"sameAs\":[\"https:\\\/\\\/www.facebook.com\\\/MusiquesJuives\\\/\",\"https:\\\/\\\/www.instagram.com\\\/musiquesjuives\\\/\",\"https:\\\/\\\/www.youtube.com\\\/user\\\/musiquesjuives\"]},{\"@type\":\"Person\",\"@id\":\"https:\\\/\\\/www.iemj.org\\\/it\\\/#\\\/schema\\\/person\\\/906134402c29d5c76e7b726261dd4bbd\",\"name\":\"Herv\u00e9 Roten\",\"image\":{\"@type\":\"ImageObject\",\"inLanguage\":\"it-IT\",\"@id\":\"https:\\\/\\\/secure.gravatar.com\\\/avatar\\\/f96ad2db538a26481f18384936b5cd0610c92d390c4dc382209216d455f685ff?s=96&d=mm&r=g\",\"url\":\"https:\\\/\\\/secure.gravatar.com\\\/avatar\\\/f96ad2db538a26481f18384936b5cd0610c92d390c4dc382209216d455f685ff?s=96&d=mm&r=g\",\"contentUrl\":\"https:\\\/\\\/secure.gravatar.com\\\/avatar\\\/f96ad2db538a26481f18384936b5cd0610c92d390c4dc382209216d455f685ff?s=96&d=mm&r=g\",\"caption\":\"Herv\u00e9 Roten\"}}]}<\/script>\n<!-- \/ Yoast SEO plugin. -->","yoast_head_json":{"title":"The yiddish cabaret - Korngold \/ Schulhoff \/ Desyatnikov - Institut Europ\u00e9en des Musiques Juives","robots":{"index":"index","follow":"follow","max-snippet":"max-snippet:-1","max-image-preview":"max-image-preview:large","max-video-preview":"max-video-preview:-1"},"canonical":"https:\/\/www.iemj.org\/it\/the-yiddish-cabaret-korngold-schulhoff-desyatnikov\/","og_locale":"it_IT","og_type":"article","og_title":"The yiddish cabaret - Korngold \/ Schulhoff \/ Desyatnikov - Institut Europ\u00e9en des Musiques Juives","og_description":"Harmonia Mundi, 2019","og_url":"https:\/\/www.iemj.org\/it\/the-yiddish-cabaret-korngold-schulhoff-desyatnikov\/","og_site_name":"Institut Europ\u00e9en des Musiques Juives","article_publisher":"https:\/\/www.facebook.com\/MusiquesJuives\/","article_published_time":"2019-05-14T15:45:03+00:00","article_modified_time":"2025-09-09T15:38:34+00:00","og_image":[{"width":350,"height":350,"url":"https:\/\/www.iemj.org\/wp-content\/uploads\/2019\/05\/arton4152-e1619097026872.jpg","type":"image\/jpeg"}],"author":"Herv\u00e9 Roten","twitter_card":"summary_large_image","twitter_misc":{"Scritto da":"Herv\u00e9 Roten","Tempo di lettura stimato":"5 minuti"},"schema":{"@context":"https:\/\/schema.org","@graph":[{"@type":"Article","@id":"https:\/\/www.iemj.org\/it\/the-yiddish-cabaret-korngold-schulhoff-desyatnikov\/#article","isPartOf":{"@id":"https:\/\/www.iemj.org\/it\/the-yiddish-cabaret-korngold-schulhoff-desyatnikov\/"},"author":{"name":"Herv\u00e9 Roten","@id":"https:\/\/www.iemj.org\/it\/#\/schema\/person\/906134402c29d5c76e7b726261dd4bbd"},"headline":"The yiddish cabaret &#8211; Korngold \/ Schulhoff \/ Desyatnikov","datePublished":"2019-05-14T15:45:03+00:00","dateModified":"2025-09-09T15:38:34+00:00","mainEntityOfPage":{"@id":"https:\/\/www.iemj.org\/it\/the-yiddish-cabaret-korngold-schulhoff-desyatnikov\/"},"wordCount":700,"publisher":{"@id":"https:\/\/www.iemj.org\/it\/#organization"},"image":{"@id":"https:\/\/www.iemj.org\/it\/the-yiddish-cabaret-korngold-schulhoff-desyatnikov\/#primaryimage"},"thumbnailUrl":"https:\/\/www.iemj.org\/wp-content\/uploads\/2019\/05\/arton4152-e1619097026872.jpg","articleSection":["CD","Ultimi acquisti"],"inLanguage":"it-IT"},{"@type":"WebPage","@id":"https:\/\/www.iemj.org\/it\/the-yiddish-cabaret-korngold-schulhoff-desyatnikov\/","url":"https:\/\/www.iemj.org\/it\/the-yiddish-cabaret-korngold-schulhoff-desyatnikov\/","name":"The yiddish cabaret - Korngold \/ Schulhoff \/ Desyatnikov - Institut Europ\u00e9en des Musiques Juives","isPartOf":{"@id":"https:\/\/www.iemj.org\/it\/#website"},"primaryImageOfPage":{"@id":"https:\/\/www.iemj.org\/it\/the-yiddish-cabaret-korngold-schulhoff-desyatnikov\/#primaryimage"},"image":{"@id":"https:\/\/www.iemj.org\/it\/the-yiddish-cabaret-korngold-schulhoff-desyatnikov\/#primaryimage"},"thumbnailUrl":"https:\/\/www.iemj.org\/wp-content\/uploads\/2019\/05\/arton4152-e1619097026872.jpg","datePublished":"2019-05-14T15:45:03+00:00","dateModified":"2025-09-09T15:38:34+00:00","breadcrumb":{"@id":"https:\/\/www.iemj.org\/it\/the-yiddish-cabaret-korngold-schulhoff-desyatnikov\/#breadcrumb"},"inLanguage":"it-IT","potentialAction":[{"@type":"ReadAction","target":["https:\/\/www.iemj.org\/it\/the-yiddish-cabaret-korngold-schulhoff-desyatnikov\/"]}]},{"@type":"ImageObject","inLanguage":"it-IT","@id":"https:\/\/www.iemj.org\/it\/the-yiddish-cabaret-korngold-schulhoff-desyatnikov\/#primaryimage","url":"https:\/\/www.iemj.org\/wp-content\/uploads\/2019\/05\/arton4152-e1619097026872.jpg","contentUrl":"https:\/\/www.iemj.org\/wp-content\/uploads\/2019\/05\/arton4152-e1619097026872.jpg","width":350,"height":350},{"@type":"BreadcrumbList","@id":"https:\/\/www.iemj.org\/it\/the-yiddish-cabaret-korngold-schulhoff-desyatnikov\/#breadcrumb","itemListElement":[{"@type":"ListItem","position":1,"name":"Accueil","item":"https:\/\/www.iemj.org\/it\/"},{"@type":"ListItem","position":2,"name":"The yiddish cabaret &#8211; Korngold \/ Schulhoff \/ Desyatnikov"}]},{"@type":"WebSite","@id":"https:\/\/www.iemj.org\/it\/#website","url":"https:\/\/www.iemj.org\/it\/","name":"Institut Europ\u00e9en des Musiques Juives","description":"Des traditions musicales \u00e0 la port\u00e9e de tous","publisher":{"@id":"https:\/\/www.iemj.org\/it\/#organization"},"potentialAction":[{"@type":"SearchAction","target":{"@type":"EntryPoint","urlTemplate":"https:\/\/www.iemj.org\/it\/?s={search_term_string}"},"query-input":{"@type":"PropertyValueSpecification","valueRequired":true,"valueName":"search_term_string"}}],"inLanguage":"it-IT"},{"@type":"Organization","@id":"https:\/\/www.iemj.org\/it\/#organization","name":"Institut Europ\u00e9en des Musiques Juives","url":"https:\/\/www.iemj.org\/it\/","logo":{"@type":"ImageObject","inLanguage":"it-IT","@id":"https:\/\/www.iemj.org\/it\/#\/schema\/logo\/image\/","url":"https:\/\/www.iemj.org\/wp-content\/uploads\/2021\/09\/Logo-IEMJ-Paypal.jpg","contentUrl":"https:\/\/www.iemj.org\/wp-content\/uploads\/2021\/09\/Logo-IEMJ-Paypal.jpg","width":150,"height":50,"caption":"Institut Europ\u00e9en des Musiques Juives"},"image":{"@id":"https:\/\/www.iemj.org\/it\/#\/schema\/logo\/image\/"},"sameAs":["https:\/\/www.facebook.com\/MusiquesJuives\/","https:\/\/www.instagram.com\/musiquesjuives\/","https:\/\/www.youtube.com\/user\/musiquesjuives"]},{"@type":"Person","@id":"https:\/\/www.iemj.org\/it\/#\/schema\/person\/906134402c29d5c76e7b726261dd4bbd","name":"Herv\u00e9 Roten","image":{"@type":"ImageObject","inLanguage":"it-IT","@id":"https:\/\/secure.gravatar.com\/avatar\/f96ad2db538a26481f18384936b5cd0610c92d390c4dc382209216d455f685ff?s=96&d=mm&r=g","url":"https:\/\/secure.gravatar.com\/avatar\/f96ad2db538a26481f18384936b5cd0610c92d390c4dc382209216d455f685ff?s=96&d=mm&r=g","contentUrl":"https:\/\/secure.gravatar.com\/avatar\/f96ad2db538a26481f18384936b5cd0610c92d390c4dc382209216d455f685ff?s=96&d=mm&r=g","caption":"Herv\u00e9 Roten"}}]}},"_links":{"self":[{"href":"https:\/\/www.iemj.org\/it\/wp-json\/wp\/v2\/posts\/99643","targetHints":{"allow":["GET"]}}],"collection":[{"href":"https:\/\/www.iemj.org\/it\/wp-json\/wp\/v2\/posts"}],"about":[{"href":"https:\/\/www.iemj.org\/it\/wp-json\/wp\/v2\/types\/post"}],"author":[{"embeddable":true,"href":"https:\/\/www.iemj.org\/it\/wp-json\/wp\/v2\/users\/1045"}],"replies":[{"embeddable":true,"href":"https:\/\/www.iemj.org\/it\/wp-json\/wp\/v2\/comments?post=99643"}],"version-history":[{"count":0,"href":"https:\/\/www.iemj.org\/it\/wp-json\/wp\/v2\/posts\/99643\/revisions"}],"wp:featuredmedia":[{"embeddable":true,"href":"https:\/\/www.iemj.org\/it\/wp-json\/wp\/v2\/media\/99644"}],"wp:attachment":[{"href":"https:\/\/www.iemj.org\/it\/wp-json\/wp\/v2\/media?parent=99643"}],"wp:term":[{"taxonomy":"category","embeddable":true,"href":"https:\/\/www.iemj.org\/it\/wp-json\/wp\/v2\/categories?post=99643"},{"taxonomy":"post_tag","embeddable":true,"href":"https:\/\/www.iemj.org\/it\/wp-json\/wp\/v2\/tags?post=99643"},{"taxonomy":"technique","embeddable":true,"href":"https:\/\/www.iemj.org\/it\/wp-json\/wp\/v2\/technique?post=99643"},{"taxonomy":"squelettes","embeddable":true,"href":"https:\/\/www.iemj.org\/it\/wp-json\/wp\/v2\/squelettes?post=99643"},{"taxonomy":"sujet","embeddable":true,"href":"https:\/\/www.iemj.org\/it\/wp-json\/wp\/v2\/sujet?post=99643"},{"taxonomy":"formation","embeddable":true,"href":"https:\/\/www.iemj.org\/it\/wp-json\/wp\/v2\/formation?post=99643"},{"taxonomy":"genre","embeddable":true,"href":"https:\/\/www.iemj.org\/it\/wp-json\/wp\/v2\/genre?post=99643"},{"taxonomy":"fonds","embeddable":true,"href":"https:\/\/www.iemj.org\/it\/wp-json\/wp\/v2\/fonds?post=99643"},{"taxonomy":"tradition","embeddable":true,"href":"https:\/\/www.iemj.org\/it\/wp-json\/wp\/v2\/tradition?post=99643"},{"taxonomy":"type-de-contenu","embeddable":true,"href":"https:\/\/www.iemj.org\/it\/wp-json\/wp\/v2\/type-de-contenu?post=99643"},{"taxonomy":"interprete-compositeur","embeddable":true,"href":"https:\/\/www.iemj.org\/it\/wp-json\/wp\/v2\/interprete-compositeur?post=99643"},{"taxonomy":"frise","embeddable":true,"href":"https:\/\/www.iemj.org\/it\/wp-json\/wp\/v2\/frise?post=99643"},{"taxonomy":"type-devenement","embeddable":true,"href":"https:\/\/www.iemj.org\/it\/wp-json\/wp\/v2\/type-devenement?post=99643"},{"taxonomy":"tableaux-liens-externes","embeddable":true,"href":"https:\/\/www.iemj.org\/it\/wp-json\/wp\/v2\/tableaux-liens-externes?post=99643"}],"curies":[{"name":"wp","href":"https:\/\/api.w.org\/{rel}","templated":true}]}}