{"id":99651,"date":"2019-04-18T09:02:20","date_gmt":"2019-04-18T07:02:20","guid":{"rendered":"https:\/\/www.iemj.org\/horse-raddish-haskalah\/"},"modified":"2025-09-17T10:17:23","modified_gmt":"2025-09-17T08:17:23","slug":"horse-raddish-haskalah","status":"publish","type":"post","link":"https:\/\/www.iemj.org\/it\/horse-raddish-haskalah\/","title":{"rendered":"Horse Raddish &#8211; Haskalah"},"content":{"rendered":"<p><strong>HASKALAH<\/strong><br \/>Il titolo dell&#8217;album \u00e8 preso in prestito dal movimento dallo stesso nome iniziato da Moses Mendelssohn a met\u00e0 del XVIII secolo. Evoca l&#8217;Illuminismo attraverso il filtro dell&#8217;identit\u00e0 ebraica in una visione modernista, un modo di pensare riformato in cerca di una societ\u00e0 utopica ed umanista. Pi\u00f9 pagano che pio, ci porta in un viaggio ai confini di un universo fantastico, pieno di colori vivaci e di culture diverse. \u00c8 facile immaginare supereroi disarmati, personaggi alla ricerca di un amore universale od intimo, interessati a campi secolari come la letteratura, la filosofia, la musica e la matematica. Frutto di diversi anni di concerti in cui la forza narrativa ha preso il posto che merita, questi universi militano per un folklore di un domani.<\/p>\n<p><strong>Horse Raddish<\/strong><br \/>In questi tempi in cui il dissimile fa paura, in cui l&#8217;altrove lontano non risveglia pi\u00f9 desideri, noi, Horse Raddish, siamo lieti &#8211; SI &#8211; di assaporare la musica nomade di questi popoli paria. A volte malinconica, a volte frenetica, ricca della loro miscela di storia, amore e tradizioni. Venite a provare il viaggio&#8230; &#8221; Non chiedere a chi conosce la tua strada, o non ti perderesti&#8221;&#8230; Erigendo questo pensiero ebraico come un manifesto, Horse Raddish riporta la musica klezmer alle sue radici, preoccupandosi di percorrere le strade secondarie dove il rock&#8217;n&#8217;roll croccante incontra il jazz avanguardista e giocoso. Un collettivo di improvvisatori la cui unica ambizione \u00e8 quella di divertirsi, Horse Raddish si \u00e8 costruito una solida reputazione nel circuito del live. Musica dal cuore che contamina il corpo, da ascoltare e ballare, seduti od in piedi.<\/p>\n<p><strong>Con:<\/strong><br \/>C\u00e9dric Chatelain: flauto, sassofono soprano<br \/>Alexandre Leitao: fisarmonica<br \/>Michel Schick: clarinetto, clarinetto basso<br \/>Michel Ta\u00efeb: chitarra elettrica, voce<br \/>Simon Clavel: batteria<br \/>Fran\u00e7ois Puyalto: basso elettrico<\/p>\n<p><em>&#8220;Sognatori sfrontati, a volte persino sovraeccitati, ma prima di tutto improvvisatori esperti, questi sei cowboy dello swing yiddish attraversano l&#8217;Europa centrale con i loro ottoni e le loro chitarre elettriche, in stile musette rock&#8230;&#8221;.<\/em><br \/>Anne Berthod &#8211; T\u00e9l\u00e9rama<\/p>\n<p><a href=\"https:\/\/horse-raddish.com\/\" target=\"_blank\" rel=\"noopener\">Visitare il sito web di Horse-Raddish<\/a><br \/><a href=\"https:\/\/www.iemj.org\/le-yiddish-electrique-du-jazz-rock-au-punk\/\" target=\"_blank\" rel=\"noopener\">Ascoltare il programma radiofonico &#8220;Electric Yiddish: dal jazz rock al punk&#8221;, con Michel Schick del gruppo Horse Raddish<\/a><\/p>\n<h2><a href=\"https:\/\/www.iemj.org\/it\/produit\/horse-raddish-haskalah\/\" target=\"_blank\" rel=\"noopener\">Ordinare il CD Haskalah sul negozio dell&#8217;IEMJ<\/a><\/h2>\n<p>\u00a0<\/p>\n<p><img fetchpriority=\"high\" decoding=\"async\" class=\" aligncenter size-full wp-image-23150\" src=\"https:\/\/www.iemj.org\/wp-content\/uploads\/2019\/04\/couv4_haskalah_compressed.jpg\" alt=\"couv4_haskalah_compressed.jpg\" width=\"490\" height=\"432\" align=\"middle\" srcset=\"https:\/\/www.iemj.org\/wp-content\/uploads\/2019\/04\/couv4_haskalah_compressed.jpg 490w, https:\/\/www.iemj.org\/wp-content\/uploads\/2019\/04\/couv4_haskalah_compressed-300x264.jpg 300w\" sizes=\"(max-width: 490px) 100vw, 490px\" \/><\/p>\n<p>\u00a0<\/p>\n\n<div class=\"wp-block-image\">\n<figure class=\"aligncenter size-large\"><img decoding=\"async\" width=\"1024\" height=\"133\" src=\"https:\/\/www.iemj.org\/wp-content\/uploads\/2024\/03\/AUDIO-PLAYER-1024x133.png\" alt=\"\" class=\"wp-image-110609\" srcset=\"https:\/\/www.iemj.org\/wp-content\/uploads\/2024\/03\/AUDIO-PLAYER-1024x133.png 1024w, https:\/\/www.iemj.org\/wp-content\/uploads\/2024\/03\/AUDIO-PLAYER-300x39.png 300w, https:\/\/www.iemj.org\/wp-content\/uploads\/2024\/03\/AUDIO-PLAYER-768x100.png 768w, https:\/\/www.iemj.org\/wp-content\/uploads\/2024\/03\/AUDIO-PLAYER-600x78.png 600w, https:\/\/www.iemj.org\/wp-content\/uploads\/2024\/03\/AUDIO-PLAYER.png 1210w\" sizes=\"(max-width: 1024px) 100vw, 1024px\" \/><\/figure>\n<\/div>\n\n\n<div class=\"wp-block-file\"><a id=\"wp-block-file--media-538314cb-c2b8-4bfa-9686-107013e507b8\" href=\"https:\/\/www.iemj.org\/wp-content\/uploads\/2019\/03\/01_-_golem_comics_-_michel_schick_.mp3\">01 &#8211; Golem &amp; Comics &#8211; (Michel Schick) &#8211; Extrait<\/a><\/div>\n\n\n\n<div class=\"wp-block-file\"><a id=\"wp-block-file--media-af1a5123-ccb9-4aea-af04-4481fbb7f349\" href=\"https:\/\/www.iemj.org\/wp-content\/uploads\/2019\/03\/02_-_shtetl_-_michel_taieb_.mp3\">02 &#8211; Shtetl &#8211; (Michel Ta\u00efeb) &#8211; Extrait<\/a><\/div>\n\n\n\n<div class=\"wp-block-file\"><a id=\"wp-block-file--media-c70efb84-231b-4037-99f9-cf9e0ad892dd\" href=\"https:\/\/www.iemj.org\/wp-content\/uploads\/2019\/03\/03_-_klezmer_de_chine_-_michel_schick_.mp3\">03 &#8211; Klezmer de Chine &#8211; (Michel Schick) &#8211; Extrait<\/a><\/div>\n\n\n\n<div class=\"wp-block-file\"><a id=\"wp-block-file--media-1bd0c438-86f8-4baf-913b-bdc86d800bb3\" href=\"https:\/\/www.iemj.org\/wp-content\/uploads\/2019\/03\/04_-_d_hiver_souhaits_1_-_cedric_chatelain_.mp3\">04 &#8211; D&#8217;Hiver Souhaits 1 &#8211; (Cedric Chatelain) &#8211; Extrait<\/a><\/div>\n\n\n\n<div class=\"wp-block-file\"><a id=\"wp-block-file--media-152c8805-ad6c-4f7e-9901-2ba6aadba0e7\" href=\"https:\/\/www.iemj.org\/wp-content\/uploads\/2019\/03\/05_-_nadia_a_la_poutre_-_michel_schick_.mp3\">05 &#8211; Nadia \u00e0 la poutre &#8211; (Michel Schick) &#8211; Extrait<\/a><\/div>\n\n\n\n<div class=\"wp-block-file\"><a id=\"wp-block-file--media-f4b94bf6-f896-404d-a866-d855332092e7\" href=\"https:\/\/www.iemj.org\/wp-content\/uploads\/2019\/03\/06_-_la_haskalah_des_cachinski_-_michel_schick_.mp3\">06 &#8211; La Haskalah des Cachinski &#8211; (Michel Schick) &#8211; Extrait<\/a><\/div>\n\n\n\n<div class=\"wp-block-file\"><a id=\"wp-block-file--media-0ff87a44-d3e1-46a5-9ff9-e98e22c1b4d9\" href=\"https:\/\/www.iemj.org\/wp-content\/uploads\/2019\/03\/07_-_buenos_aires_-_traditionnel_collection_ruth_rubin_.mp3\">07 &#8211; Buenos Aires &#8211; (Traditionnel, Collection Ruth Rubin) &#8211; Extrait<\/a><\/div>\n\n\n\n<div class=\"wp-block-file\"><a id=\"wp-block-file--media-74258914-9dc8-44d7-a128-dc95e2b3d828\" href=\"https:\/\/www.iemj.org\/wp-content\/uploads\/2019\/03\/08_-_brooklin_peanuts_-_michel_taieb_.mp3\">08 &#8211; Brooklin Peanuts &#8211; (Michel Ta\u00cfeb) &#8211; Extrait<\/a><\/div>\n","protected":false},"excerpt":{"rendered":"<p>HASKALAHIl titolo dell&#8217;album \u00e8 preso in prestito dal movimento dallo stesso nome iniziato da Moses Mendelssohn a met\u00e0 del XVIII secolo. Evoca l&#8217;Illuminismo attraverso il filtro dell&#8217;identit\u00e0 ebraica in una<\/p>\n","protected":false},"author":5,"featured_media":99652,"comment_status":"closed","ping_status":"closed","sticky":false,"template":"","format":"standard","meta":{"_acf_changed":false,"footnotes":""},"categories":[1569,1564],"tags":[],"technique":[],"squelettes":[],"sujet":[],"formation":[],"genre":[1887,1866,1676],"fonds":[],"tradition":[],"type-de-contenu":[],"interprete-compositeur":[],"frise":[],"type-devenement":[],"tableaux-liens-externes":[],"class_list":["post-99651","post","type-post","status-publish","format-standard","has-post-thumbnail","hentry","category-cd-it","category-ultimi-acquisti-it","genre-jazz-it","genre-rock-it","genre-yiddish-it-2"],"acf":[],"yoast_head":"<!-- This site is optimized with the Yoast SEO plugin v27.3 - https:\/\/yoast.com\/product\/yoast-seo-wordpress\/ -->\n<title>Horse Raddish - Haskalah - Institut Europ\u00e9en des Musiques Juives<\/title>\n<meta name=\"robots\" content=\"index, follow, max-snippet:-1, max-image-preview:large, max-video-preview:-1\" \/>\n<link rel=\"canonical\" href=\"https:\/\/www.iemj.org\/it\/horse-raddish-haskalah\/\" \/>\n<meta property=\"og:locale\" content=\"it_IT\" \/>\n<meta property=\"og:type\" content=\"article\" \/>\n<meta property=\"og:title\" content=\"Horse Raddish - Haskalah - Institut Europ\u00e9en des Musiques Juives\" \/>\n<meta property=\"og:description\" content=\"HASKALAHIl titolo dell&#8217;album \u00e8 preso in prestito dal movimento dallo stesso nome iniziato da Moses Mendelssohn a met\u00e0 del XVIII secolo. Evoca l&#8217;Illuminismo attraverso il filtro dell&#8217;identit\u00e0 ebraica in una\" \/>\n<meta property=\"og:url\" content=\"https:\/\/www.iemj.org\/it\/horse-raddish-haskalah\/\" \/>\n<meta property=\"og:site_name\" content=\"Institut Europ\u00e9en des Musiques Juives\" \/>\n<meta property=\"article:publisher\" content=\"https:\/\/www.facebook.com\/MusiquesJuives\/\" \/>\n<meta property=\"article:published_time\" content=\"2019-04-18T07:02:20+00:00\" \/>\n<meta property=\"article:modified_time\" content=\"2025-09-17T08:17:23+00:00\" \/>\n<meta property=\"og:image\" content=\"https:\/\/www.iemj.org\/wp-content\/uploads\/2019\/04\/arton4025-e1619097128678.jpg\" \/>\n\t<meta property=\"og:image:width\" content=\"350\" \/>\n\t<meta property=\"og:image:height\" content=\"350\" \/>\n\t<meta property=\"og:image:type\" content=\"image\/jpeg\" \/>\n<meta name=\"author\" content=\"Jacqueline ROTEN\" \/>\n<meta name=\"twitter:card\" content=\"summary_large_image\" \/>\n<meta name=\"twitter:label1\" content=\"Scritto da\" \/>\n\t<meta name=\"twitter:data1\" content=\"Jacqueline ROTEN\" \/>\n\t<meta name=\"twitter:label2\" content=\"Tempo di lettura stimato\" \/>\n\t<meta name=\"twitter:data2\" content=\"3 minuti\" \/>\n<script type=\"application\/ld+json\" class=\"yoast-schema-graph\">{\"@context\":\"https:\\\/\\\/schema.org\",\"@graph\":[{\"@type\":\"Article\",\"@id\":\"https:\\\/\\\/www.iemj.org\\\/it\\\/horse-raddish-haskalah\\\/#article\",\"isPartOf\":{\"@id\":\"https:\\\/\\\/www.iemj.org\\\/it\\\/horse-raddish-haskalah\\\/\"},\"author\":{\"name\":\"Jacqueline ROTEN\",\"@id\":\"https:\\\/\\\/www.iemj.org\\\/it\\\/#\\\/schema\\\/person\\\/358e26c18aca017fcc4cc15437f7279c\"},\"headline\":\"Horse Raddish &#8211; Haskalah\",\"datePublished\":\"2019-04-18T07:02:20+00:00\",\"dateModified\":\"2025-09-17T08:17:23+00:00\",\"mainEntityOfPage\":{\"@id\":\"https:\\\/\\\/www.iemj.org\\\/it\\\/horse-raddish-haskalah\\\/\"},\"wordCount\":438,\"publisher\":{\"@id\":\"https:\\\/\\\/www.iemj.org\\\/it\\\/#organization\"},\"image\":{\"@id\":\"https:\\\/\\\/www.iemj.org\\\/it\\\/horse-raddish-haskalah\\\/#primaryimage\"},\"thumbnailUrl\":\"https:\\\/\\\/www.iemj.org\\\/wp-content\\\/uploads\\\/2019\\\/04\\\/arton4025-e1619097128678.jpg\",\"articleSection\":[\"CD\",\"Ultimi acquisti\"],\"inLanguage\":\"it-IT\"},{\"@type\":\"WebPage\",\"@id\":\"https:\\\/\\\/www.iemj.org\\\/it\\\/horse-raddish-haskalah\\\/\",\"url\":\"https:\\\/\\\/www.iemj.org\\\/it\\\/horse-raddish-haskalah\\\/\",\"name\":\"Horse Raddish - Haskalah - Institut Europ\u00e9en des Musiques Juives\",\"isPartOf\":{\"@id\":\"https:\\\/\\\/www.iemj.org\\\/it\\\/#website\"},\"primaryImageOfPage\":{\"@id\":\"https:\\\/\\\/www.iemj.org\\\/it\\\/horse-raddish-haskalah\\\/#primaryimage\"},\"image\":{\"@id\":\"https:\\\/\\\/www.iemj.org\\\/it\\\/horse-raddish-haskalah\\\/#primaryimage\"},\"thumbnailUrl\":\"https:\\\/\\\/www.iemj.org\\\/wp-content\\\/uploads\\\/2019\\\/04\\\/arton4025-e1619097128678.jpg\",\"datePublished\":\"2019-04-18T07:02:20+00:00\",\"dateModified\":\"2025-09-17T08:17:23+00:00\",\"breadcrumb\":{\"@id\":\"https:\\\/\\\/www.iemj.org\\\/it\\\/horse-raddish-haskalah\\\/#breadcrumb\"},\"inLanguage\":\"it-IT\",\"potentialAction\":[{\"@type\":\"ReadAction\",\"target\":[\"https:\\\/\\\/www.iemj.org\\\/it\\\/horse-raddish-haskalah\\\/\"]}]},{\"@type\":\"ImageObject\",\"inLanguage\":\"it-IT\",\"@id\":\"https:\\\/\\\/www.iemj.org\\\/it\\\/horse-raddish-haskalah\\\/#primaryimage\",\"url\":\"https:\\\/\\\/www.iemj.org\\\/wp-content\\\/uploads\\\/2019\\\/04\\\/arton4025-e1619097128678.jpg\",\"contentUrl\":\"https:\\\/\\\/www.iemj.org\\\/wp-content\\\/uploads\\\/2019\\\/04\\\/arton4025-e1619097128678.jpg\",\"width\":350,\"height\":350},{\"@type\":\"BreadcrumbList\",\"@id\":\"https:\\\/\\\/www.iemj.org\\\/it\\\/horse-raddish-haskalah\\\/#breadcrumb\",\"itemListElement\":[{\"@type\":\"ListItem\",\"position\":1,\"name\":\"Accueil\",\"item\":\"https:\\\/\\\/www.iemj.org\\\/it\\\/\"},{\"@type\":\"ListItem\",\"position\":2,\"name\":\"Horse Raddish &#8211; Haskalah\"}]},{\"@type\":\"WebSite\",\"@id\":\"https:\\\/\\\/www.iemj.org\\\/it\\\/#website\",\"url\":\"https:\\\/\\\/www.iemj.org\\\/it\\\/\",\"name\":\"Institut Europ\u00e9en des Musiques Juives\",\"description\":\"Des traditions musicales \u00e0 la port\u00e9e de tous\",\"publisher\":{\"@id\":\"https:\\\/\\\/www.iemj.org\\\/it\\\/#organization\"},\"potentialAction\":[{\"@type\":\"SearchAction\",\"target\":{\"@type\":\"EntryPoint\",\"urlTemplate\":\"https:\\\/\\\/www.iemj.org\\\/it\\\/?s={search_term_string}\"},\"query-input\":{\"@type\":\"PropertyValueSpecification\",\"valueRequired\":true,\"valueName\":\"search_term_string\"}}],\"inLanguage\":\"it-IT\"},{\"@type\":\"Organization\",\"@id\":\"https:\\\/\\\/www.iemj.org\\\/it\\\/#organization\",\"name\":\"Institut Europ\u00e9en des Musiques Juives\",\"url\":\"https:\\\/\\\/www.iemj.org\\\/it\\\/\",\"logo\":{\"@type\":\"ImageObject\",\"inLanguage\":\"it-IT\",\"@id\":\"https:\\\/\\\/www.iemj.org\\\/it\\\/#\\\/schema\\\/logo\\\/image\\\/\",\"url\":\"https:\\\/\\\/www.iemj.org\\\/wp-content\\\/uploads\\\/2021\\\/09\\\/Logo-IEMJ-Paypal.jpg\",\"contentUrl\":\"https:\\\/\\\/www.iemj.org\\\/wp-content\\\/uploads\\\/2021\\\/09\\\/Logo-IEMJ-Paypal.jpg\",\"width\":150,\"height\":50,\"caption\":\"Institut Europ\u00e9en des Musiques Juives\"},\"image\":{\"@id\":\"https:\\\/\\\/www.iemj.org\\\/it\\\/#\\\/schema\\\/logo\\\/image\\\/\"},\"sameAs\":[\"https:\\\/\\\/www.facebook.com\\\/MusiquesJuives\\\/\",\"https:\\\/\\\/www.instagram.com\\\/musiquesjuives\\\/\",\"https:\\\/\\\/www.youtube.com\\\/user\\\/musiquesjuives\"]},{\"@type\":\"Person\",\"@id\":\"https:\\\/\\\/www.iemj.org\\\/it\\\/#\\\/schema\\\/person\\\/358e26c18aca017fcc4cc15437f7279c\",\"name\":\"Jacqueline ROTEN\",\"image\":{\"@type\":\"ImageObject\",\"inLanguage\":\"it-IT\",\"@id\":\"https:\\\/\\\/secure.gravatar.com\\\/avatar\\\/5964256d6c6957de3a3505278957e0fb2a35119ac47ea41827a65301213c810b?s=96&d=mm&r=g\",\"url\":\"https:\\\/\\\/secure.gravatar.com\\\/avatar\\\/5964256d6c6957de3a3505278957e0fb2a35119ac47ea41827a65301213c810b?s=96&d=mm&r=g\",\"contentUrl\":\"https:\\\/\\\/secure.gravatar.com\\\/avatar\\\/5964256d6c6957de3a3505278957e0fb2a35119ac47ea41827a65301213c810b?s=96&d=mm&r=g\",\"caption\":\"Jacqueline ROTEN\"}}]}<\/script>\n<!-- \/ Yoast SEO plugin. -->","yoast_head_json":{"title":"Horse Raddish - Haskalah - Institut Europ\u00e9en des Musiques Juives","robots":{"index":"index","follow":"follow","max-snippet":"max-snippet:-1","max-image-preview":"max-image-preview:large","max-video-preview":"max-video-preview:-1"},"canonical":"https:\/\/www.iemj.org\/it\/horse-raddish-haskalah\/","og_locale":"it_IT","og_type":"article","og_title":"Horse Raddish - Haskalah - Institut Europ\u00e9en des Musiques Juives","og_description":"HASKALAHIl titolo dell&#8217;album \u00e8 preso in prestito dal movimento dallo stesso nome iniziato da Moses Mendelssohn a met\u00e0 del XVIII secolo. Evoca l&#8217;Illuminismo attraverso il filtro dell&#8217;identit\u00e0 ebraica in una","og_url":"https:\/\/www.iemj.org\/it\/horse-raddish-haskalah\/","og_site_name":"Institut Europ\u00e9en des Musiques Juives","article_publisher":"https:\/\/www.facebook.com\/MusiquesJuives\/","article_published_time":"2019-04-18T07:02:20+00:00","article_modified_time":"2025-09-17T08:17:23+00:00","og_image":[{"width":350,"height":350,"url":"https:\/\/www.iemj.org\/wp-content\/uploads\/2019\/04\/arton4025-e1619097128678.jpg","type":"image\/jpeg"}],"author":"Jacqueline ROTEN","twitter_card":"summary_large_image","twitter_misc":{"Scritto da":"Jacqueline ROTEN","Tempo di lettura stimato":"3 minuti"},"schema":{"@context":"https:\/\/schema.org","@graph":[{"@type":"Article","@id":"https:\/\/www.iemj.org\/it\/horse-raddish-haskalah\/#article","isPartOf":{"@id":"https:\/\/www.iemj.org\/it\/horse-raddish-haskalah\/"},"author":{"name":"Jacqueline ROTEN","@id":"https:\/\/www.iemj.org\/it\/#\/schema\/person\/358e26c18aca017fcc4cc15437f7279c"},"headline":"Horse Raddish &#8211; Haskalah","datePublished":"2019-04-18T07:02:20+00:00","dateModified":"2025-09-17T08:17:23+00:00","mainEntityOfPage":{"@id":"https:\/\/www.iemj.org\/it\/horse-raddish-haskalah\/"},"wordCount":438,"publisher":{"@id":"https:\/\/www.iemj.org\/it\/#organization"},"image":{"@id":"https:\/\/www.iemj.org\/it\/horse-raddish-haskalah\/#primaryimage"},"thumbnailUrl":"https:\/\/www.iemj.org\/wp-content\/uploads\/2019\/04\/arton4025-e1619097128678.jpg","articleSection":["CD","Ultimi acquisti"],"inLanguage":"it-IT"},{"@type":"WebPage","@id":"https:\/\/www.iemj.org\/it\/horse-raddish-haskalah\/","url":"https:\/\/www.iemj.org\/it\/horse-raddish-haskalah\/","name":"Horse Raddish - Haskalah - Institut Europ\u00e9en des Musiques Juives","isPartOf":{"@id":"https:\/\/www.iemj.org\/it\/#website"},"primaryImageOfPage":{"@id":"https:\/\/www.iemj.org\/it\/horse-raddish-haskalah\/#primaryimage"},"image":{"@id":"https:\/\/www.iemj.org\/it\/horse-raddish-haskalah\/#primaryimage"},"thumbnailUrl":"https:\/\/www.iemj.org\/wp-content\/uploads\/2019\/04\/arton4025-e1619097128678.jpg","datePublished":"2019-04-18T07:02:20+00:00","dateModified":"2025-09-17T08:17:23+00:00","breadcrumb":{"@id":"https:\/\/www.iemj.org\/it\/horse-raddish-haskalah\/#breadcrumb"},"inLanguage":"it-IT","potentialAction":[{"@type":"ReadAction","target":["https:\/\/www.iemj.org\/it\/horse-raddish-haskalah\/"]}]},{"@type":"ImageObject","inLanguage":"it-IT","@id":"https:\/\/www.iemj.org\/it\/horse-raddish-haskalah\/#primaryimage","url":"https:\/\/www.iemj.org\/wp-content\/uploads\/2019\/04\/arton4025-e1619097128678.jpg","contentUrl":"https:\/\/www.iemj.org\/wp-content\/uploads\/2019\/04\/arton4025-e1619097128678.jpg","width":350,"height":350},{"@type":"BreadcrumbList","@id":"https:\/\/www.iemj.org\/it\/horse-raddish-haskalah\/#breadcrumb","itemListElement":[{"@type":"ListItem","position":1,"name":"Accueil","item":"https:\/\/www.iemj.org\/it\/"},{"@type":"ListItem","position":2,"name":"Horse Raddish &#8211; Haskalah"}]},{"@type":"WebSite","@id":"https:\/\/www.iemj.org\/it\/#website","url":"https:\/\/www.iemj.org\/it\/","name":"Institut Europ\u00e9en des Musiques Juives","description":"Des traditions musicales \u00e0 la port\u00e9e de tous","publisher":{"@id":"https:\/\/www.iemj.org\/it\/#organization"},"potentialAction":[{"@type":"SearchAction","target":{"@type":"EntryPoint","urlTemplate":"https:\/\/www.iemj.org\/it\/?s={search_term_string}"},"query-input":{"@type":"PropertyValueSpecification","valueRequired":true,"valueName":"search_term_string"}}],"inLanguage":"it-IT"},{"@type":"Organization","@id":"https:\/\/www.iemj.org\/it\/#organization","name":"Institut Europ\u00e9en des Musiques Juives","url":"https:\/\/www.iemj.org\/it\/","logo":{"@type":"ImageObject","inLanguage":"it-IT","@id":"https:\/\/www.iemj.org\/it\/#\/schema\/logo\/image\/","url":"https:\/\/www.iemj.org\/wp-content\/uploads\/2021\/09\/Logo-IEMJ-Paypal.jpg","contentUrl":"https:\/\/www.iemj.org\/wp-content\/uploads\/2021\/09\/Logo-IEMJ-Paypal.jpg","width":150,"height":50,"caption":"Institut Europ\u00e9en des Musiques Juives"},"image":{"@id":"https:\/\/www.iemj.org\/it\/#\/schema\/logo\/image\/"},"sameAs":["https:\/\/www.facebook.com\/MusiquesJuives\/","https:\/\/www.instagram.com\/musiquesjuives\/","https:\/\/www.youtube.com\/user\/musiquesjuives"]},{"@type":"Person","@id":"https:\/\/www.iemj.org\/it\/#\/schema\/person\/358e26c18aca017fcc4cc15437f7279c","name":"Jacqueline ROTEN","image":{"@type":"ImageObject","inLanguage":"it-IT","@id":"https:\/\/secure.gravatar.com\/avatar\/5964256d6c6957de3a3505278957e0fb2a35119ac47ea41827a65301213c810b?s=96&d=mm&r=g","url":"https:\/\/secure.gravatar.com\/avatar\/5964256d6c6957de3a3505278957e0fb2a35119ac47ea41827a65301213c810b?s=96&d=mm&r=g","contentUrl":"https:\/\/secure.gravatar.com\/avatar\/5964256d6c6957de3a3505278957e0fb2a35119ac47ea41827a65301213c810b?s=96&d=mm&r=g","caption":"Jacqueline ROTEN"}}]}},"_links":{"self":[{"href":"https:\/\/www.iemj.org\/it\/wp-json\/wp\/v2\/posts\/99651","targetHints":{"allow":["GET"]}}],"collection":[{"href":"https:\/\/www.iemj.org\/it\/wp-json\/wp\/v2\/posts"}],"about":[{"href":"https:\/\/www.iemj.org\/it\/wp-json\/wp\/v2\/types\/post"}],"author":[{"embeddable":true,"href":"https:\/\/www.iemj.org\/it\/wp-json\/wp\/v2\/users\/5"}],"replies":[{"embeddable":true,"href":"https:\/\/www.iemj.org\/it\/wp-json\/wp\/v2\/comments?post=99651"}],"version-history":[{"count":0,"href":"https:\/\/www.iemj.org\/it\/wp-json\/wp\/v2\/posts\/99651\/revisions"}],"wp:featuredmedia":[{"embeddable":true,"href":"https:\/\/www.iemj.org\/it\/wp-json\/wp\/v2\/media\/99652"}],"wp:attachment":[{"href":"https:\/\/www.iemj.org\/it\/wp-json\/wp\/v2\/media?parent=99651"}],"wp:term":[{"taxonomy":"category","embeddable":true,"href":"https:\/\/www.iemj.org\/it\/wp-json\/wp\/v2\/categories?post=99651"},{"taxonomy":"post_tag","embeddable":true,"href":"https:\/\/www.iemj.org\/it\/wp-json\/wp\/v2\/tags?post=99651"},{"taxonomy":"technique","embeddable":true,"href":"https:\/\/www.iemj.org\/it\/wp-json\/wp\/v2\/technique?post=99651"},{"taxonomy":"squelettes","embeddable":true,"href":"https:\/\/www.iemj.org\/it\/wp-json\/wp\/v2\/squelettes?post=99651"},{"taxonomy":"sujet","embeddable":true,"href":"https:\/\/www.iemj.org\/it\/wp-json\/wp\/v2\/sujet?post=99651"},{"taxonomy":"formation","embeddable":true,"href":"https:\/\/www.iemj.org\/it\/wp-json\/wp\/v2\/formation?post=99651"},{"taxonomy":"genre","embeddable":true,"href":"https:\/\/www.iemj.org\/it\/wp-json\/wp\/v2\/genre?post=99651"},{"taxonomy":"fonds","embeddable":true,"href":"https:\/\/www.iemj.org\/it\/wp-json\/wp\/v2\/fonds?post=99651"},{"taxonomy":"tradition","embeddable":true,"href":"https:\/\/www.iemj.org\/it\/wp-json\/wp\/v2\/tradition?post=99651"},{"taxonomy":"type-de-contenu","embeddable":true,"href":"https:\/\/www.iemj.org\/it\/wp-json\/wp\/v2\/type-de-contenu?post=99651"},{"taxonomy":"interprete-compositeur","embeddable":true,"href":"https:\/\/www.iemj.org\/it\/wp-json\/wp\/v2\/interprete-compositeur?post=99651"},{"taxonomy":"frise","embeddable":true,"href":"https:\/\/www.iemj.org\/it\/wp-json\/wp\/v2\/frise?post=99651"},{"taxonomy":"type-devenement","embeddable":true,"href":"https:\/\/www.iemj.org\/it\/wp-json\/wp\/v2\/type-devenement?post=99651"},{"taxonomy":"tableaux-liens-externes","embeddable":true,"href":"https:\/\/www.iemj.org\/it\/wp-json\/wp\/v2\/tableaux-liens-externes?post=99651"}],"curies":[{"name":"wp","href":"https:\/\/api.w.org\/{rel}","templated":true}]}}