{"id":99658,"date":"2019-02-19T11:43:10","date_gmt":"2019-02-19T10:43:10","guid":{"rendered":"https:\/\/www.iemj.org\/klezzy\/"},"modified":"2025-09-17T10:24:55","modified_gmt":"2025-09-17T08:24:55","slug":"klezzy","status":"publish","type":"post","link":"https:\/\/www.iemj.org\/it\/klezzy\/","title":{"rendered":"Klezzy !"},"content":{"rendered":"<p>Registrato nel settembre 2018 dal gruppo Klezmer Loshn, l&#8217;album <em><strong>Klezzy!<\/strong><\/em> presenta melodie klezmer arrangiate in uno stile che combina elementi classici e tradizionali<\/p>\n<p><!--more--><\/p>\n<p>Talvolta in trio, talvolta come quartetto d&#8217;archi da solo o accompagnato da strumenti a fiato (clarinetto in si bemolle e clarinetto basso, cavaI, piccolo flauto rumeno: fluler) e strumenti elettronici, i musicisti dell&#8217;album <em>Klezzy!<\/em> provengono da mondi musicali diversi ma complementari.<\/p>\n<p>\u00c8 stato <strong>Ludovic Lantner<\/strong>, violinista dell&#8217;Orchestre National de Lyon e membro de <a href=\"http:\/\/folkeuxdepie.fr\/\">Les Folkeux de Pie<\/a>, il gruppo di ballo folk da lui fondato nel 2017, a voler registrare una serie di brevi brani del repertorio tradizionale per quartetto d&#8217;archi, arrangiati in stile classico.<\/p>\n<p>Si sono uniti anche <strong>Marine Goldwaser<\/strong>, <strong>Pierre Alexis Lavergne<\/strong> e <strong>Zacharie Abraham<\/strong>, creando arrangiamenti e composizioni in armonia con i loro stili.<\/p>\n<p><strong>Marine Goldwaser<\/strong> del gruppo &#8220;<a href=\"http:\/\/mishmashetcompagnie.com\/\">Le petit Mish Mash<\/a>&#8221; ci porta la musica tradizionale dell&#8217;area rumena che \u00e8 penetrata intimamente nel repertorio dei klezmorim. Nei tre arrangiamenti da lei creati (per quartetto d&#8217;archi o trio, strumenti a fiato e voce), distilla le influenze della musica antica, del jazz e, naturalmente, dell&#8217;eredit\u00e0 dello stile klezmer, che interpreta in modo meraviglioso.<\/p>\n<p><strong>Pierre Alexis Lavergne<\/strong> \u00e8 un musicista molto impegnato nella musica contemporanea e tradizionale, membro del gruppo <a href=\"https:\/\/www.facebook.com\/glikklezmerband\/\">Glik<\/a>. \u00c8 impegnato nella rinascita del repertorio klezmer e fondatore del gruppo <a href=\"http:\/\/www.radiotutti.net\/\">RadioTutti<\/a>, musica elettro-trad senza frontiere!<br \/>La sua ultima composizione, <em>Electric klezmer rhapsody per quartetto d&#8217;archi, clarinetto, campionatore e sintetizzatore<\/em>, \u00e8 stata presentata in anteprima all&#8217;Auditorium di Lione il 6 marzo 2016.<\/p>\n<p><strong>Zacharie Abraham<\/strong> rivisita un Honga podolico per trio d&#8217;archi, clarinetto basso e clarinetto in si bemolle.<\/p>\n<p><strong>Nans Moreau<\/strong>, clarinetto solista dell&#8217;Orchestre National de Lyon, si unisce ai suoi colleghi per portare negli arrangiamenti il tocco essenziale e caratteristico del clarinetto nell&#8217;identit\u00e0 della musica klezmer.<\/p>\n<p>Il quartetto d&#8217;archi riunisce musicisti dell&#8217;Orchestre national de Lyon:<br \/><strong>Themis Bandini<\/strong> al cello, <strong>Vincent Dedreuil<\/strong> alla viola, <strong>Benjamin Zekri<\/strong> e <strong>Ludovic Lantner<\/strong> al violino.<\/p>\n<p>CD in vendita presso <a href=\"http:\/\/lagrangeasons.com\/produit\/klezzy-klezmer-strings-and-winds\/\">www.lagrangeasons.com<\/a><\/p>\n<p>Spartiti di questo CD disponibili su <a href=\"http:\/\/www.editionsinnomine.com\/fr\/transcriptions\/37-ballade-klezmer-pour-quatuor-a-cordes-vol-1-parties-9790707081259.html\">Editions in Nomine<\/a><\/p>\n<p><img fetchpriority=\"high\" decoding=\"async\" class=\"wp-image-22827 aligncenter\" src=\"https:\/\/www.iemj.org\/wp-content\/uploads\/2019\/02\/cd_1141_couv4.jpg\" alt=\"cd_1141_couv4.jpg\" width=\"646\" height=\"567\" align=\"right\" srcset=\"https:\/\/www.iemj.org\/wp-content\/uploads\/2019\/02\/cd_1141_couv4.jpg 1658w, https:\/\/www.iemj.org\/wp-content\/uploads\/2019\/02\/cd_1141_couv4-300x263.jpg 300w, https:\/\/www.iemj.org\/wp-content\/uploads\/2019\/02\/cd_1141_couv4-1024x898.jpg 1024w, https:\/\/www.iemj.org\/wp-content\/uploads\/2019\/02\/cd_1141_couv4-768x674.jpg 768w, https:\/\/www.iemj.org\/wp-content\/uploads\/2019\/02\/cd_1141_couv4-1536x1347.jpg 1536w, https:\/\/www.iemj.org\/wp-content\/uploads\/2019\/02\/cd_1141_couv4-600x526.jpg 600w\" sizes=\"(max-width: 646px) 100vw, 646px\" \/><\/p>\n\n\n<div class=\"wp-block-file\"><a id=\"wp-block-file--media-6c1e1fbd-f85c-4e59-b78d-1c3e84085a36\" href=\"https:\/\/www.iemj.org\/wp-content\/uploads\/2019\/02\/1._suite_klezzy_no1_5_danses_bulgar_-extrait.mp3\">1. Suite Klezzy ! n\u00b01 (5 danses bulgar) &#8211; EXTRAIT<\/a><\/div>\n\n\n\n<div class=\"wp-block-file\"><a id=\"wp-block-file--media-2db0251f-e3d5-4392-afd0-cf5e56c3cb5b\" href=\"https:\/\/www.iemj.org\/wp-content\/uploads\/2019\/02\/2._ver_chanson_-extrait.mp3\">2. Ver (chanson) &#8211; EXTRAIT<\/a><\/div>\n\n\n\n<div class=\"wp-block-file\"><a id=\"wp-block-file--media-5545e700-19db-4f0b-bd77-f87af91ab54b\" href=\"https:\/\/www.iemj.org\/wp-content\/uploads\/2019\/02\/3._honga_romanesca_danse_honga_-extrait.mp3\">3. Honga Romanesca (danse Honga) &#8211; EXTRAIT<\/a><\/div>\n\n\n\n<div class=\"wp-block-file\"><a id=\"wp-block-file--media-343fa86b-5bf7-4421-9ed6-3ee41ff93ada\" href=\"https:\/\/www.iemj.org\/wp-content\/uploads\/2019\/02\/4._fantaisie_roumaine_no1_instrumental_-extrait.mp3\">4. Fantaisie roumaine n\u00b01 (instrumental) &#8211; EXTRAIT<\/a><\/div>\n\n\n\n<div class=\"wp-block-file\"><a id=\"wp-block-file--media-c3845ab7-3bd3-4ced-878b-057929e200c4\" href=\"https:\/\/www.iemj.org\/wp-content\/uploads\/2019\/02\/5._a_vaibele_a_tzniyeh-extrait.mp3\">5. A Vaibele A Tzniyeh &#8211; EXTRAIT<\/a><\/div>\n\n\n\n<div class=\"wp-block-file\"><a id=\"wp-block-file--media-b6587c56-b893-4940-80bc-4fe437cb5652\" href=\"https:\/\/www.iemj.org\/wp-content\/uploads\/2019\/02\/6._suite_klezzy_no2_5_danses_terkish_freilach_et_bulgar_-extrait.mp3\">6. Suite Klezzy ! n\u00b02 (5 danses terkish, freilach et bulgar) &#8211; EXTRAIT<\/a><\/div>\n\n\n\n<div class=\"wp-block-file\"><a id=\"wp-block-file--media-4c2d38ea-35c2-42dd-a520-cf4da5acd965\" href=\"https:\/\/www.iemj.org\/wp-content\/uploads\/2019\/02\/7._fantaisie_roumaine_no2_instrumental_-extrait.mp3\">7. Fantaisie roumaine n\u00b02 (instrumental) &#8211; EXTRAIT<\/a><\/div>\n\n\n\n<div class=\"wp-block-file\"><a id=\"wp-block-file--media-b1a03949-f83c-4c15-9cdb-c3bfe070683f\" href=\"https:\/\/www.iemj.org\/wp-content\/uploads\/2019\/02\/8._gute_nakht_sirba_danse_sirba_-extrait.mp3\">8. Gute Nakht Sirba ( danse Sirba) &#8211; EXTRAIT<\/a><\/div>\n\n\n\n<div class=\"wp-block-file\"><a id=\"wp-block-file--media-c35d74bb-9b07-4921-9e90-7c43f9dcafb0\" href=\"https:\/\/www.iemj.org\/wp-content\/uploads\/2019\/02\/9._honga_de_podolie_instrumental_-extrait.mp3\">9. Honga de Podolie (instrumental) &#8211; EXTRAIT<\/a><\/div>\n\n\n<div class=\"wp-block-image\">\n<figure class=\"aligncenter size-large\"><img decoding=\"async\" width=\"1024\" height=\"133\" src=\"https:\/\/www.iemj.org\/wp-content\/uploads\/2024\/03\/AUDIO-PLAYER-1024x133.png\" alt=\"\" class=\"wp-image-110609\" srcset=\"https:\/\/www.iemj.org\/wp-content\/uploads\/2024\/03\/AUDIO-PLAYER-1024x133.png 1024w, https:\/\/www.iemj.org\/wp-content\/uploads\/2024\/03\/AUDIO-PLAYER-300x39.png 300w, https:\/\/www.iemj.org\/wp-content\/uploads\/2024\/03\/AUDIO-PLAYER-768x100.png 768w, https:\/\/www.iemj.org\/wp-content\/uploads\/2024\/03\/AUDIO-PLAYER-600x78.png 600w, https:\/\/www.iemj.org\/wp-content\/uploads\/2024\/03\/AUDIO-PLAYER.png 1210w\" sizes=\"(max-width: 1024px) 100vw, 1024px\" \/><\/figure>\n<\/div>\n\n\n<div class=\"wp-block-file\"><a id=\"wp-block-file--media-cf1a7ae4-3adb-42c6-9ee3-f5327fcb88cc\" href=\"https:\/\/www.iemj.org\/wp-content\/uploads\/2019\/02\/10._a_yiddishe_mame-extrait.mp3\">10. A yiddishe Mame &#8211; EXTRAIT<\/a><\/div>\n","protected":false},"excerpt":{"rendered":"<p>Registrato nel settembre 2018 dal gruppo Klezmer Loshn, l&#8217;album Klezzy! presenta melodie klezmer arrangiate in uno stile che combina elementi classici e tradizionali<\/p>\n","protected":false},"author":5,"featured_media":99659,"comment_status":"closed","ping_status":"closed","sticky":false,"template":"","format":"standard","meta":{"_acf_changed":false,"footnotes":""},"categories":[1569,1564],"tags":[],"technique":[],"squelettes":[],"sujet":[],"formation":[],"genre":[1874],"fonds":[],"tradition":[],"type-de-contenu":[],"interprete-compositeur":[],"frise":[],"type-devenement":[],"tableaux-liens-externes":[],"class_list":["post-99658","post","type-post","status-publish","format-standard","has-post-thumbnail","hentry","category-cd-it","category-ultimi-acquisti-it","genre-klezmer-it"],"acf":[],"yoast_head":"<!-- This site is optimized with the Yoast SEO plugin v27.3 - https:\/\/yoast.com\/product\/yoast-seo-wordpress\/ -->\n<title>Klezzy ! - Institut Europ\u00e9en des Musiques Juives<\/title>\n<meta name=\"robots\" content=\"index, follow, max-snippet:-1, max-image-preview:large, max-video-preview:-1\" \/>\n<link rel=\"canonical\" href=\"https:\/\/www.iemj.org\/it\/klezzy\/\" \/>\n<meta property=\"og:locale\" content=\"it_IT\" \/>\n<meta property=\"og:type\" content=\"article\" \/>\n<meta property=\"og:title\" content=\"Klezzy ! - Institut Europ\u00e9en des Musiques Juives\" \/>\n<meta property=\"og:description\" content=\"Registrato nel settembre 2018 dal gruppo Klezmer Loshn, l&#8217;album Klezzy! presenta melodie klezmer arrangiate in uno stile che combina elementi classici e tradizionali\" \/>\n<meta property=\"og:url\" content=\"https:\/\/www.iemj.org\/it\/klezzy\/\" \/>\n<meta property=\"og:site_name\" content=\"Institut Europ\u00e9en des Musiques Juives\" \/>\n<meta property=\"article:publisher\" content=\"https:\/\/www.facebook.com\/MusiquesJuives\/\" \/>\n<meta property=\"article:published_time\" content=\"2019-02-19T10:43:10+00:00\" \/>\n<meta property=\"article:modified_time\" content=\"2025-09-17T08:24:55+00:00\" \/>\n<meta property=\"og:image\" content=\"https:\/\/www.iemj.org\/wp-content\/uploads\/2019\/02\/arton3954-e1619099133588.jpg\" \/>\n\t<meta property=\"og:image:width\" content=\"350\" \/>\n\t<meta property=\"og:image:height\" content=\"307\" \/>\n\t<meta property=\"og:image:type\" content=\"image\/jpeg\" \/>\n<meta name=\"author\" content=\"Jacqueline ROTEN\" \/>\n<meta name=\"twitter:card\" content=\"summary_large_image\" \/>\n<meta name=\"twitter:label1\" content=\"Scritto da\" \/>\n\t<meta name=\"twitter:data1\" content=\"Jacqueline ROTEN\" \/>\n\t<meta name=\"twitter:label2\" content=\"Tempo di lettura stimato\" \/>\n\t<meta name=\"twitter:data2\" content=\"3 minuti\" \/>\n<script type=\"application\/ld+json\" class=\"yoast-schema-graph\">{\"@context\":\"https:\\\/\\\/schema.org\",\"@graph\":[{\"@type\":\"Article\",\"@id\":\"https:\\\/\\\/www.iemj.org\\\/it\\\/klezzy\\\/#article\",\"isPartOf\":{\"@id\":\"https:\\\/\\\/www.iemj.org\\\/it\\\/klezzy\\\/\"},\"author\":{\"name\":\"Jacqueline ROTEN\",\"@id\":\"https:\\\/\\\/www.iemj.org\\\/it\\\/#\\\/schema\\\/person\\\/358e26c18aca017fcc4cc15437f7279c\"},\"headline\":\"Klezzy !\",\"datePublished\":\"2019-02-19T10:43:10+00:00\",\"dateModified\":\"2025-09-17T08:24:55+00:00\",\"mainEntityOfPage\":{\"@id\":\"https:\\\/\\\/www.iemj.org\\\/it\\\/klezzy\\\/\"},\"wordCount\":401,\"publisher\":{\"@id\":\"https:\\\/\\\/www.iemj.org\\\/it\\\/#organization\"},\"image\":{\"@id\":\"https:\\\/\\\/www.iemj.org\\\/it\\\/klezzy\\\/#primaryimage\"},\"thumbnailUrl\":\"https:\\\/\\\/www.iemj.org\\\/wp-content\\\/uploads\\\/2019\\\/02\\\/arton3954-e1619099133588.jpg\",\"articleSection\":[\"CD\",\"Ultimi acquisti\"],\"inLanguage\":\"it-IT\"},{\"@type\":\"WebPage\",\"@id\":\"https:\\\/\\\/www.iemj.org\\\/it\\\/klezzy\\\/\",\"url\":\"https:\\\/\\\/www.iemj.org\\\/it\\\/klezzy\\\/\",\"name\":\"Klezzy ! - Institut Europ\u00e9en des Musiques Juives\",\"isPartOf\":{\"@id\":\"https:\\\/\\\/www.iemj.org\\\/it\\\/#website\"},\"primaryImageOfPage\":{\"@id\":\"https:\\\/\\\/www.iemj.org\\\/it\\\/klezzy\\\/#primaryimage\"},\"image\":{\"@id\":\"https:\\\/\\\/www.iemj.org\\\/it\\\/klezzy\\\/#primaryimage\"},\"thumbnailUrl\":\"https:\\\/\\\/www.iemj.org\\\/wp-content\\\/uploads\\\/2019\\\/02\\\/arton3954-e1619099133588.jpg\",\"datePublished\":\"2019-02-19T10:43:10+00:00\",\"dateModified\":\"2025-09-17T08:24:55+00:00\",\"breadcrumb\":{\"@id\":\"https:\\\/\\\/www.iemj.org\\\/it\\\/klezzy\\\/#breadcrumb\"},\"inLanguage\":\"it-IT\",\"potentialAction\":[{\"@type\":\"ReadAction\",\"target\":[\"https:\\\/\\\/www.iemj.org\\\/it\\\/klezzy\\\/\"]}]},{\"@type\":\"ImageObject\",\"inLanguage\":\"it-IT\",\"@id\":\"https:\\\/\\\/www.iemj.org\\\/it\\\/klezzy\\\/#primaryimage\",\"url\":\"https:\\\/\\\/www.iemj.org\\\/wp-content\\\/uploads\\\/2019\\\/02\\\/arton3954-e1619099133588.jpg\",\"contentUrl\":\"https:\\\/\\\/www.iemj.org\\\/wp-content\\\/uploads\\\/2019\\\/02\\\/arton3954-e1619099133588.jpg\",\"width\":350,\"height\":307},{\"@type\":\"BreadcrumbList\",\"@id\":\"https:\\\/\\\/www.iemj.org\\\/it\\\/klezzy\\\/#breadcrumb\",\"itemListElement\":[{\"@type\":\"ListItem\",\"position\":1,\"name\":\"Accueil\",\"item\":\"https:\\\/\\\/www.iemj.org\\\/it\\\/\"},{\"@type\":\"ListItem\",\"position\":2,\"name\":\"Klezzy !\"}]},{\"@type\":\"WebSite\",\"@id\":\"https:\\\/\\\/www.iemj.org\\\/it\\\/#website\",\"url\":\"https:\\\/\\\/www.iemj.org\\\/it\\\/\",\"name\":\"Institut Europ\u00e9en des Musiques Juives\",\"description\":\"Des traditions musicales \u00e0 la port\u00e9e de tous\",\"publisher\":{\"@id\":\"https:\\\/\\\/www.iemj.org\\\/it\\\/#organization\"},\"potentialAction\":[{\"@type\":\"SearchAction\",\"target\":{\"@type\":\"EntryPoint\",\"urlTemplate\":\"https:\\\/\\\/www.iemj.org\\\/it\\\/?s={search_term_string}\"},\"query-input\":{\"@type\":\"PropertyValueSpecification\",\"valueRequired\":true,\"valueName\":\"search_term_string\"}}],\"inLanguage\":\"it-IT\"},{\"@type\":\"Organization\",\"@id\":\"https:\\\/\\\/www.iemj.org\\\/it\\\/#organization\",\"name\":\"Institut Europ\u00e9en des Musiques Juives\",\"url\":\"https:\\\/\\\/www.iemj.org\\\/it\\\/\",\"logo\":{\"@type\":\"ImageObject\",\"inLanguage\":\"it-IT\",\"@id\":\"https:\\\/\\\/www.iemj.org\\\/it\\\/#\\\/schema\\\/logo\\\/image\\\/\",\"url\":\"https:\\\/\\\/www.iemj.org\\\/wp-content\\\/uploads\\\/2021\\\/09\\\/Logo-IEMJ-Paypal.jpg\",\"contentUrl\":\"https:\\\/\\\/www.iemj.org\\\/wp-content\\\/uploads\\\/2021\\\/09\\\/Logo-IEMJ-Paypal.jpg\",\"width\":150,\"height\":50,\"caption\":\"Institut Europ\u00e9en des Musiques Juives\"},\"image\":{\"@id\":\"https:\\\/\\\/www.iemj.org\\\/it\\\/#\\\/schema\\\/logo\\\/image\\\/\"},\"sameAs\":[\"https:\\\/\\\/www.facebook.com\\\/MusiquesJuives\\\/\",\"https:\\\/\\\/www.instagram.com\\\/musiquesjuives\\\/\",\"https:\\\/\\\/www.youtube.com\\\/user\\\/musiquesjuives\"]},{\"@type\":\"Person\",\"@id\":\"https:\\\/\\\/www.iemj.org\\\/it\\\/#\\\/schema\\\/person\\\/358e26c18aca017fcc4cc15437f7279c\",\"name\":\"Jacqueline ROTEN\",\"image\":{\"@type\":\"ImageObject\",\"inLanguage\":\"it-IT\",\"@id\":\"https:\\\/\\\/secure.gravatar.com\\\/avatar\\\/5964256d6c6957de3a3505278957e0fb2a35119ac47ea41827a65301213c810b?s=96&d=mm&r=g\",\"url\":\"https:\\\/\\\/secure.gravatar.com\\\/avatar\\\/5964256d6c6957de3a3505278957e0fb2a35119ac47ea41827a65301213c810b?s=96&d=mm&r=g\",\"contentUrl\":\"https:\\\/\\\/secure.gravatar.com\\\/avatar\\\/5964256d6c6957de3a3505278957e0fb2a35119ac47ea41827a65301213c810b?s=96&d=mm&r=g\",\"caption\":\"Jacqueline ROTEN\"}}]}<\/script>\n<!-- \/ Yoast SEO plugin. -->","yoast_head_json":{"title":"Klezzy ! - Institut Europ\u00e9en des Musiques Juives","robots":{"index":"index","follow":"follow","max-snippet":"max-snippet:-1","max-image-preview":"max-image-preview:large","max-video-preview":"max-video-preview:-1"},"canonical":"https:\/\/www.iemj.org\/it\/klezzy\/","og_locale":"it_IT","og_type":"article","og_title":"Klezzy ! - Institut Europ\u00e9en des Musiques Juives","og_description":"Registrato nel settembre 2018 dal gruppo Klezmer Loshn, l&#8217;album Klezzy! presenta melodie klezmer arrangiate in uno stile che combina elementi classici e tradizionali","og_url":"https:\/\/www.iemj.org\/it\/klezzy\/","og_site_name":"Institut Europ\u00e9en des Musiques Juives","article_publisher":"https:\/\/www.facebook.com\/MusiquesJuives\/","article_published_time":"2019-02-19T10:43:10+00:00","article_modified_time":"2025-09-17T08:24:55+00:00","og_image":[{"width":350,"height":307,"url":"https:\/\/www.iemj.org\/wp-content\/uploads\/2019\/02\/arton3954-e1619099133588.jpg","type":"image\/jpeg"}],"author":"Jacqueline ROTEN","twitter_card":"summary_large_image","twitter_misc":{"Scritto da":"Jacqueline ROTEN","Tempo di lettura stimato":"3 minuti"},"schema":{"@context":"https:\/\/schema.org","@graph":[{"@type":"Article","@id":"https:\/\/www.iemj.org\/it\/klezzy\/#article","isPartOf":{"@id":"https:\/\/www.iemj.org\/it\/klezzy\/"},"author":{"name":"Jacqueline ROTEN","@id":"https:\/\/www.iemj.org\/it\/#\/schema\/person\/358e26c18aca017fcc4cc15437f7279c"},"headline":"Klezzy !","datePublished":"2019-02-19T10:43:10+00:00","dateModified":"2025-09-17T08:24:55+00:00","mainEntityOfPage":{"@id":"https:\/\/www.iemj.org\/it\/klezzy\/"},"wordCount":401,"publisher":{"@id":"https:\/\/www.iemj.org\/it\/#organization"},"image":{"@id":"https:\/\/www.iemj.org\/it\/klezzy\/#primaryimage"},"thumbnailUrl":"https:\/\/www.iemj.org\/wp-content\/uploads\/2019\/02\/arton3954-e1619099133588.jpg","articleSection":["CD","Ultimi acquisti"],"inLanguage":"it-IT"},{"@type":"WebPage","@id":"https:\/\/www.iemj.org\/it\/klezzy\/","url":"https:\/\/www.iemj.org\/it\/klezzy\/","name":"Klezzy ! - Institut Europ\u00e9en des Musiques Juives","isPartOf":{"@id":"https:\/\/www.iemj.org\/it\/#website"},"primaryImageOfPage":{"@id":"https:\/\/www.iemj.org\/it\/klezzy\/#primaryimage"},"image":{"@id":"https:\/\/www.iemj.org\/it\/klezzy\/#primaryimage"},"thumbnailUrl":"https:\/\/www.iemj.org\/wp-content\/uploads\/2019\/02\/arton3954-e1619099133588.jpg","datePublished":"2019-02-19T10:43:10+00:00","dateModified":"2025-09-17T08:24:55+00:00","breadcrumb":{"@id":"https:\/\/www.iemj.org\/it\/klezzy\/#breadcrumb"},"inLanguage":"it-IT","potentialAction":[{"@type":"ReadAction","target":["https:\/\/www.iemj.org\/it\/klezzy\/"]}]},{"@type":"ImageObject","inLanguage":"it-IT","@id":"https:\/\/www.iemj.org\/it\/klezzy\/#primaryimage","url":"https:\/\/www.iemj.org\/wp-content\/uploads\/2019\/02\/arton3954-e1619099133588.jpg","contentUrl":"https:\/\/www.iemj.org\/wp-content\/uploads\/2019\/02\/arton3954-e1619099133588.jpg","width":350,"height":307},{"@type":"BreadcrumbList","@id":"https:\/\/www.iemj.org\/it\/klezzy\/#breadcrumb","itemListElement":[{"@type":"ListItem","position":1,"name":"Accueil","item":"https:\/\/www.iemj.org\/it\/"},{"@type":"ListItem","position":2,"name":"Klezzy !"}]},{"@type":"WebSite","@id":"https:\/\/www.iemj.org\/it\/#website","url":"https:\/\/www.iemj.org\/it\/","name":"Institut Europ\u00e9en des Musiques Juives","description":"Des traditions musicales \u00e0 la port\u00e9e de tous","publisher":{"@id":"https:\/\/www.iemj.org\/it\/#organization"},"potentialAction":[{"@type":"SearchAction","target":{"@type":"EntryPoint","urlTemplate":"https:\/\/www.iemj.org\/it\/?s={search_term_string}"},"query-input":{"@type":"PropertyValueSpecification","valueRequired":true,"valueName":"search_term_string"}}],"inLanguage":"it-IT"},{"@type":"Organization","@id":"https:\/\/www.iemj.org\/it\/#organization","name":"Institut Europ\u00e9en des Musiques Juives","url":"https:\/\/www.iemj.org\/it\/","logo":{"@type":"ImageObject","inLanguage":"it-IT","@id":"https:\/\/www.iemj.org\/it\/#\/schema\/logo\/image\/","url":"https:\/\/www.iemj.org\/wp-content\/uploads\/2021\/09\/Logo-IEMJ-Paypal.jpg","contentUrl":"https:\/\/www.iemj.org\/wp-content\/uploads\/2021\/09\/Logo-IEMJ-Paypal.jpg","width":150,"height":50,"caption":"Institut Europ\u00e9en des Musiques Juives"},"image":{"@id":"https:\/\/www.iemj.org\/it\/#\/schema\/logo\/image\/"},"sameAs":["https:\/\/www.facebook.com\/MusiquesJuives\/","https:\/\/www.instagram.com\/musiquesjuives\/","https:\/\/www.youtube.com\/user\/musiquesjuives"]},{"@type":"Person","@id":"https:\/\/www.iemj.org\/it\/#\/schema\/person\/358e26c18aca017fcc4cc15437f7279c","name":"Jacqueline ROTEN","image":{"@type":"ImageObject","inLanguage":"it-IT","@id":"https:\/\/secure.gravatar.com\/avatar\/5964256d6c6957de3a3505278957e0fb2a35119ac47ea41827a65301213c810b?s=96&d=mm&r=g","url":"https:\/\/secure.gravatar.com\/avatar\/5964256d6c6957de3a3505278957e0fb2a35119ac47ea41827a65301213c810b?s=96&d=mm&r=g","contentUrl":"https:\/\/secure.gravatar.com\/avatar\/5964256d6c6957de3a3505278957e0fb2a35119ac47ea41827a65301213c810b?s=96&d=mm&r=g","caption":"Jacqueline ROTEN"}}]}},"_links":{"self":[{"href":"https:\/\/www.iemj.org\/it\/wp-json\/wp\/v2\/posts\/99658","targetHints":{"allow":["GET"]}}],"collection":[{"href":"https:\/\/www.iemj.org\/it\/wp-json\/wp\/v2\/posts"}],"about":[{"href":"https:\/\/www.iemj.org\/it\/wp-json\/wp\/v2\/types\/post"}],"author":[{"embeddable":true,"href":"https:\/\/www.iemj.org\/it\/wp-json\/wp\/v2\/users\/5"}],"replies":[{"embeddable":true,"href":"https:\/\/www.iemj.org\/it\/wp-json\/wp\/v2\/comments?post=99658"}],"version-history":[{"count":0,"href":"https:\/\/www.iemj.org\/it\/wp-json\/wp\/v2\/posts\/99658\/revisions"}],"wp:featuredmedia":[{"embeddable":true,"href":"https:\/\/www.iemj.org\/it\/wp-json\/wp\/v2\/media\/99659"}],"wp:attachment":[{"href":"https:\/\/www.iemj.org\/it\/wp-json\/wp\/v2\/media?parent=99658"}],"wp:term":[{"taxonomy":"category","embeddable":true,"href":"https:\/\/www.iemj.org\/it\/wp-json\/wp\/v2\/categories?post=99658"},{"taxonomy":"post_tag","embeddable":true,"href":"https:\/\/www.iemj.org\/it\/wp-json\/wp\/v2\/tags?post=99658"},{"taxonomy":"technique","embeddable":true,"href":"https:\/\/www.iemj.org\/it\/wp-json\/wp\/v2\/technique?post=99658"},{"taxonomy":"squelettes","embeddable":true,"href":"https:\/\/www.iemj.org\/it\/wp-json\/wp\/v2\/squelettes?post=99658"},{"taxonomy":"sujet","embeddable":true,"href":"https:\/\/www.iemj.org\/it\/wp-json\/wp\/v2\/sujet?post=99658"},{"taxonomy":"formation","embeddable":true,"href":"https:\/\/www.iemj.org\/it\/wp-json\/wp\/v2\/formation?post=99658"},{"taxonomy":"genre","embeddable":true,"href":"https:\/\/www.iemj.org\/it\/wp-json\/wp\/v2\/genre?post=99658"},{"taxonomy":"fonds","embeddable":true,"href":"https:\/\/www.iemj.org\/it\/wp-json\/wp\/v2\/fonds?post=99658"},{"taxonomy":"tradition","embeddable":true,"href":"https:\/\/www.iemj.org\/it\/wp-json\/wp\/v2\/tradition?post=99658"},{"taxonomy":"type-de-contenu","embeddable":true,"href":"https:\/\/www.iemj.org\/it\/wp-json\/wp\/v2\/type-de-contenu?post=99658"},{"taxonomy":"interprete-compositeur","embeddable":true,"href":"https:\/\/www.iemj.org\/it\/wp-json\/wp\/v2\/interprete-compositeur?post=99658"},{"taxonomy":"frise","embeddable":true,"href":"https:\/\/www.iemj.org\/it\/wp-json\/wp\/v2\/frise?post=99658"},{"taxonomy":"type-devenement","embeddable":true,"href":"https:\/\/www.iemj.org\/it\/wp-json\/wp\/v2\/type-devenement?post=99658"},{"taxonomy":"tableaux-liens-externes","embeddable":true,"href":"https:\/\/www.iemj.org\/it\/wp-json\/wp\/v2\/tableaux-liens-externes?post=99658"}],"curies":[{"name":"wp","href":"https:\/\/api.w.org\/{rel}","templated":true}]}}