{"id":99818,"date":"2018-03-19T17:50:47","date_gmt":"2018-03-19T16:50:47","guid":{"rendered":"https:\/\/www.iemj.org\/coplas-sefardies-de-alberto-hemsi-vol-1\/"},"modified":"2025-02-25T15:34:03","modified_gmt":"2025-02-25T14:34:03","slug":"coplas-sefardies-de-alberto-hemsi-vol-1","status":"publish","type":"post","link":"https:\/\/www.iemj.org\/it\/coplas-sefardies-de-alberto-hemsi-vol-1\/","title":{"rendered":"Coplas Sefardies de Alberto Hemsi &#8211; Vol.1"},"content":{"rendered":"<p>Con la registrazione delle Coplas Sefardies di Alberto Hemsi, Assaf Levitin (cantore della sinagoga liberale di Hannover) ed il pianista Naaman Wagner ci fanno riscoprire un mondo della cultura ebraica europea quasi scomparso, in occasione del 120\u00b0 anniversario della nascita del compositore Alberto Hemsi (1898-1975).<\/p>\n<p>Alberto Hemsi era un fervente ammiratore del folklore sefardita e delle sue tradizioni musicali. Come pianista e compositore, tra il 1923 ed il 1937 raccolse 230 poesie e melodie provenienti dalle comunit\u00e0 sefardite dell&#8217;ex Impero Ottomano. Da questo ampio lavoro, Hemsi selezion\u00f2 60 melodie tradizionali per le quali compose &#8220;parti per pianoforte, la cui realizzazione si rivel\u00f2 piuttosto complicata, perch\u00e9 non si trattava affatto di &#8216;accompagnare&#8217; semplicemente le canzoni in questione, ma di incorniciarle in piccoli tableaux sinfonici, al fine di suggerire il pi\u00f9 possibile l&#8217;atmosfera, lo stato d&#8217;animo, il soggetto e la melodia&#8221;.<\/p>\n<p>Le Coplas Sefardies di Alberto Hemsi offrono una visione rinnovata della tradizione orale giudeo-spagnola, amplificata dal pensiero creativo del compositore. Questa simbiosi tra canto tradizionale ed arte colta, spontaneit\u00e0 orale e pensiero scritto, \u00e8 particolarmente riuscita nell&#8217;opera di Alberto Hemsi, un compositore al servizio della cultura sefardita.<\/p>\n<p>Questo primo volume di un set di 3 CD contiene 24 magnifiche canzoni giudeo-spagnole.<\/p>\n<p>Da ascoltare senza moderazione.<\/p>\n<p><a href=\"https:\/\/www.iemj.org\/it\/hemsi-alberto-1898-1975\/\" target=\"_blank\" rel=\"noopener\">Per saperne di pi\u00f9 su Alberto Hemsi<\/a><br \/><a href=\"https:\/\/www.rondeau.de\/New-Releases\/Alberto-Hemsi-Coplas-Sefardies-Vol-1::420.html?language=en\" target=\"_blank\" rel=\"noopener\">Comprare il CD Coplas Sefardies &#8211; Canti giudeo-spagnoli di Alberto Hemsi &#8211; Vol.1<\/a><br \/><a href=\"https:\/\/www.iemj.org\/it\/fonds-alberto-hemsi\/\" target=\"_blank\" rel=\"noopener\">Consultare gli archivi di Alberto Hemsi conservati presso l&#8217;IEMJ<\/a><\/p>\n<p><img decoding=\"async\" class=\"alignnone  wp-image-110609\" src=\"https:\/\/www.iemj.org\/wp-content\/uploads\/2024\/03\/AUDIO-PLAYER-300x39.png\" alt=\"\" width=\"615\" height=\"80\" srcset=\"https:\/\/www.iemj.org\/wp-content\/uploads\/2024\/03\/AUDIO-PLAYER-300x39.png 300w, https:\/\/www.iemj.org\/wp-content\/uploads\/2024\/03\/AUDIO-PLAYER-1024x133.png 1024w, https:\/\/www.iemj.org\/wp-content\/uploads\/2024\/03\/AUDIO-PLAYER-768x100.png 768w, https:\/\/www.iemj.org\/wp-content\/uploads\/2024\/03\/AUDIO-PLAYER-600x78.png 600w, https:\/\/www.iemj.org\/wp-content\/uploads\/2024\/03\/AUDIO-PLAYER.png 1210w\" sizes=\"(max-width: 615px) 100vw, 615px\" \/><\/p>\n\n\n<div class=\"wp-block-file\"><a id=\"wp-block-file--media-559e851b-a790-4cc9-85c6-6dd59b5ccbdb\" href=\"https:\/\/www.iemj.org\/wp-content\/uploads\/2018\/03\/cd_903_01.mp3\">Yo tomi una muchacha (extrait), op.7<\/a><\/div>\n\n\n\n<div class=\"wp-block-file\"><a id=\"wp-block-file--media-810bd9a3-57ba-4d5e-9d48-aa74ec40a800\" href=\"https:\/\/www.iemj.org\/wp-content\/uploads\/2018\/03\/cd_903_02.mp3\">Durme, durme hermosa donzella (extrait), op.7<\/a><\/div>\n\n\n\n<div class=\"wp-block-file\"><a id=\"wp-block-file--media-4e7ecba7-2bdb-4a72-99ec-b42ca28b88f2\" href=\"https:\/\/www.iemj.org\/wp-content\/uploads\/2018\/03\/cd_903_08.mp3\">El rey por muncha madruga (extrait), op.8<\/a><\/div>\n\n\n\n<div class=\"wp-block-file\"><a id=\"wp-block-file--media-d8ae9924-0c94-44dc-8e18-a216e1771e23\" href=\"https:\/\/www.iemj.org\/wp-content\/uploads\/2018\/03\/cd_903_09.mp3\">Tres hijas tiene el buen rey (extrait), op.8<\/a><\/div>\n\n\n\n<div class=\"wp-block-file\"><a id=\"wp-block-file--media-308bea58-adbc-4a1f-a272-dd1e02281a05\" href=\"https:\/\/www.iemj.org\/wp-content\/uploads\/2018\/03\/cd_903_17.mp3\">Yo me alevanti un lunes (extrait), op.13<\/a><\/div>\n\n\n\n<div class=\"wp-block-file\"><a id=\"wp-block-file--media-0a452a0e-5844-4bc7-aad3-898a777e1dad\" href=\"https:\/\/www.iemj.org\/wp-content\/uploads\/2018\/03\/cd_903_19.mp3\">Triste este la infanta (extrait), op. 18<\/a><\/div>\n","protected":false},"excerpt":{"rendered":"<p>Con la registrazione delle Coplas Sefardies di Alberto Hemsi, Assaf Levitin (cantore della sinagoga liberale di Hannover) ed il pianista Naaman Wagner ci fanno riscoprire un mondo della cultura ebraica<\/p>\n","protected":false},"author":1048,"featured_media":99819,"comment_status":"closed","ping_status":"open","sticky":false,"template":"","format":"standard","meta":{"_acf_changed":false,"footnotes":""},"categories":[1569,1564],"tags":[],"technique":[],"squelettes":[],"sujet":[],"formation":[],"genre":[1675,1901],"fonds":[],"tradition":[],"type-de-contenu":[],"interprete-compositeur":[3082],"frise":[],"type-devenement":[],"tableaux-liens-externes":[],"class_list":["post-99818","post","type-post","status-publish","format-standard","has-post-thumbnail","hentry","category-cd-it","category-ultimi-acquisti-it","genre-giudeo-spagnolo-it","genre-musica-classica-it","interprete-compositeur-alberto-hemsi-it"],"acf":[],"yoast_head":"<!-- This site is optimized with the Yoast SEO plugin v27.3 - https:\/\/yoast.com\/product\/yoast-seo-wordpress\/ -->\n<title>Coplas Sefardies de Alberto Hemsi - Vol.1 - Institut Europ\u00e9en des Musiques Juives<\/title>\n<meta name=\"robots\" content=\"index, follow, max-snippet:-1, max-image-preview:large, max-video-preview:-1\" \/>\n<link rel=\"canonical\" href=\"https:\/\/www.iemj.org\/it\/coplas-sefardies-de-alberto-hemsi-vol-1\/\" \/>\n<meta property=\"og:locale\" content=\"it_IT\" \/>\n<meta property=\"og:type\" content=\"article\" \/>\n<meta property=\"og:title\" content=\"Coplas Sefardies de Alberto Hemsi - Vol.1 - Institut Europ\u00e9en des Musiques Juives\" \/>\n<meta property=\"og:description\" content=\"Con la registrazione delle Coplas Sefardies di Alberto Hemsi, Assaf Levitin (cantore della sinagoga liberale di Hannover) ed il pianista Naaman Wagner ci fanno riscoprire un mondo della cultura ebraica\" \/>\n<meta property=\"og:url\" content=\"https:\/\/www.iemj.org\/it\/coplas-sefardies-de-alberto-hemsi-vol-1\/\" \/>\n<meta property=\"og:site_name\" content=\"Institut Europ\u00e9en des Musiques Juives\" \/>\n<meta property=\"article:publisher\" content=\"https:\/\/www.facebook.com\/MusiquesJuives\/\" \/>\n<meta property=\"article:published_time\" content=\"2018-03-19T16:50:47+00:00\" \/>\n<meta property=\"article:modified_time\" content=\"2025-02-25T14:34:03+00:00\" \/>\n<meta property=\"og:image\" content=\"https:\/\/www.iemj.org\/wp-content\/uploads\/2018\/03\/arton3239-e1619186177465.jpg\" \/>\n\t<meta property=\"og:image:width\" content=\"350\" \/>\n\t<meta property=\"og:image:height\" content=\"337\" \/>\n\t<meta property=\"og:image:type\" content=\"image\/jpeg\" \/>\n<meta name=\"author\" content=\"Jean-Gabriel Davis\" \/>\n<meta name=\"twitter:card\" content=\"summary_large_image\" \/>\n<meta name=\"twitter:label1\" content=\"Scritto da\" \/>\n\t<meta name=\"twitter:data1\" content=\"Jean-Gabriel Davis\" \/>\n\t<meta name=\"twitter:label2\" content=\"Tempo di lettura stimato\" \/>\n\t<meta name=\"twitter:data2\" content=\"2 minuti\" \/>\n<script type=\"application\/ld+json\" class=\"yoast-schema-graph\">{\"@context\":\"https:\\\/\\\/schema.org\",\"@graph\":[{\"@type\":\"Article\",\"@id\":\"https:\\\/\\\/www.iemj.org\\\/it\\\/coplas-sefardies-de-alberto-hemsi-vol-1\\\/#article\",\"isPartOf\":{\"@id\":\"https:\\\/\\\/www.iemj.org\\\/it\\\/coplas-sefardies-de-alberto-hemsi-vol-1\\\/\"},\"author\":{\"name\":\"Jean-Gabriel Davis\",\"@id\":\"https:\\\/\\\/www.iemj.org\\\/it\\\/#\\\/schema\\\/person\\\/c9bc1c386a3749579a2d675e72a18666\"},\"headline\":\"Coplas Sefardies de Alberto Hemsi &#8211; Vol.1\",\"datePublished\":\"2018-03-19T16:50:47+00:00\",\"dateModified\":\"2025-02-25T14:34:03+00:00\",\"mainEntityOfPage\":{\"@id\":\"https:\\\/\\\/www.iemj.org\\\/it\\\/coplas-sefardies-de-alberto-hemsi-vol-1\\\/\"},\"wordCount\":277,\"publisher\":{\"@id\":\"https:\\\/\\\/www.iemj.org\\\/it\\\/#organization\"},\"image\":{\"@id\":\"https:\\\/\\\/www.iemj.org\\\/it\\\/coplas-sefardies-de-alberto-hemsi-vol-1\\\/#primaryimage\"},\"thumbnailUrl\":\"https:\\\/\\\/www.iemj.org\\\/wp-content\\\/uploads\\\/2018\\\/03\\\/arton3239-e1619186177465.jpg\",\"articleSection\":[\"CD\",\"Ultimi acquisti\"],\"inLanguage\":\"it-IT\"},{\"@type\":\"WebPage\",\"@id\":\"https:\\\/\\\/www.iemj.org\\\/it\\\/coplas-sefardies-de-alberto-hemsi-vol-1\\\/\",\"url\":\"https:\\\/\\\/www.iemj.org\\\/it\\\/coplas-sefardies-de-alberto-hemsi-vol-1\\\/\",\"name\":\"Coplas Sefardies de Alberto Hemsi - Vol.1 - Institut Europ\u00e9en des Musiques Juives\",\"isPartOf\":{\"@id\":\"https:\\\/\\\/www.iemj.org\\\/it\\\/#website\"},\"primaryImageOfPage\":{\"@id\":\"https:\\\/\\\/www.iemj.org\\\/it\\\/coplas-sefardies-de-alberto-hemsi-vol-1\\\/#primaryimage\"},\"image\":{\"@id\":\"https:\\\/\\\/www.iemj.org\\\/it\\\/coplas-sefardies-de-alberto-hemsi-vol-1\\\/#primaryimage\"},\"thumbnailUrl\":\"https:\\\/\\\/www.iemj.org\\\/wp-content\\\/uploads\\\/2018\\\/03\\\/arton3239-e1619186177465.jpg\",\"datePublished\":\"2018-03-19T16:50:47+00:00\",\"dateModified\":\"2025-02-25T14:34:03+00:00\",\"breadcrumb\":{\"@id\":\"https:\\\/\\\/www.iemj.org\\\/it\\\/coplas-sefardies-de-alberto-hemsi-vol-1\\\/#breadcrumb\"},\"inLanguage\":\"it-IT\",\"potentialAction\":[{\"@type\":\"ReadAction\",\"target\":[\"https:\\\/\\\/www.iemj.org\\\/it\\\/coplas-sefardies-de-alberto-hemsi-vol-1\\\/\"]}]},{\"@type\":\"ImageObject\",\"inLanguage\":\"it-IT\",\"@id\":\"https:\\\/\\\/www.iemj.org\\\/it\\\/coplas-sefardies-de-alberto-hemsi-vol-1\\\/#primaryimage\",\"url\":\"https:\\\/\\\/www.iemj.org\\\/wp-content\\\/uploads\\\/2018\\\/03\\\/arton3239-e1619186177465.jpg\",\"contentUrl\":\"https:\\\/\\\/www.iemj.org\\\/wp-content\\\/uploads\\\/2018\\\/03\\\/arton3239-e1619186177465.jpg\",\"width\":350,\"height\":337},{\"@type\":\"BreadcrumbList\",\"@id\":\"https:\\\/\\\/www.iemj.org\\\/it\\\/coplas-sefardies-de-alberto-hemsi-vol-1\\\/#breadcrumb\",\"itemListElement\":[{\"@type\":\"ListItem\",\"position\":1,\"name\":\"Accueil\",\"item\":\"https:\\\/\\\/www.iemj.org\\\/it\\\/\"},{\"@type\":\"ListItem\",\"position\":2,\"name\":\"Coplas Sefardies de Alberto Hemsi &#8211; Vol.1\"}]},{\"@type\":\"WebSite\",\"@id\":\"https:\\\/\\\/www.iemj.org\\\/it\\\/#website\",\"url\":\"https:\\\/\\\/www.iemj.org\\\/it\\\/\",\"name\":\"Institut Europ\u00e9en des Musiques Juives\",\"description\":\"Des traditions musicales \u00e0 la port\u00e9e de tous\",\"publisher\":{\"@id\":\"https:\\\/\\\/www.iemj.org\\\/it\\\/#organization\"},\"potentialAction\":[{\"@type\":\"SearchAction\",\"target\":{\"@type\":\"EntryPoint\",\"urlTemplate\":\"https:\\\/\\\/www.iemj.org\\\/it\\\/?s={search_term_string}\"},\"query-input\":{\"@type\":\"PropertyValueSpecification\",\"valueRequired\":true,\"valueName\":\"search_term_string\"}}],\"inLanguage\":\"it-IT\"},{\"@type\":\"Organization\",\"@id\":\"https:\\\/\\\/www.iemj.org\\\/it\\\/#organization\",\"name\":\"Institut Europ\u00e9en des Musiques Juives\",\"url\":\"https:\\\/\\\/www.iemj.org\\\/it\\\/\",\"logo\":{\"@type\":\"ImageObject\",\"inLanguage\":\"it-IT\",\"@id\":\"https:\\\/\\\/www.iemj.org\\\/it\\\/#\\\/schema\\\/logo\\\/image\\\/\",\"url\":\"https:\\\/\\\/www.iemj.org\\\/wp-content\\\/uploads\\\/2021\\\/09\\\/Logo-IEMJ-Paypal.jpg\",\"contentUrl\":\"https:\\\/\\\/www.iemj.org\\\/wp-content\\\/uploads\\\/2021\\\/09\\\/Logo-IEMJ-Paypal.jpg\",\"width\":150,\"height\":50,\"caption\":\"Institut Europ\u00e9en des Musiques Juives\"},\"image\":{\"@id\":\"https:\\\/\\\/www.iemj.org\\\/it\\\/#\\\/schema\\\/logo\\\/image\\\/\"},\"sameAs\":[\"https:\\\/\\\/www.facebook.com\\\/MusiquesJuives\\\/\",\"https:\\\/\\\/www.instagram.com\\\/musiquesjuives\\\/\",\"https:\\\/\\\/www.youtube.com\\\/user\\\/musiquesjuives\"]},{\"@type\":\"Person\",\"@id\":\"https:\\\/\\\/www.iemj.org\\\/it\\\/#\\\/schema\\\/person\\\/c9bc1c386a3749579a2d675e72a18666\",\"name\":\"Jean-Gabriel Davis\",\"image\":{\"@type\":\"ImageObject\",\"inLanguage\":\"it-IT\",\"@id\":\"https:\\\/\\\/secure.gravatar.com\\\/avatar\\\/2b90d67bdf392c9b3a21fab87c0fa7edaf1fb3a058172a1ffd61033fcec7aec1?s=96&d=mm&r=g\",\"url\":\"https:\\\/\\\/secure.gravatar.com\\\/avatar\\\/2b90d67bdf392c9b3a21fab87c0fa7edaf1fb3a058172a1ffd61033fcec7aec1?s=96&d=mm&r=g\",\"contentUrl\":\"https:\\\/\\\/secure.gravatar.com\\\/avatar\\\/2b90d67bdf392c9b3a21fab87c0fa7edaf1fb3a058172a1ffd61033fcec7aec1?s=96&d=mm&r=g\",\"caption\":\"Jean-Gabriel Davis\"}}]}<\/script>\n<!-- \/ Yoast SEO plugin. -->","yoast_head_json":{"title":"Coplas Sefardies de Alberto Hemsi - Vol.1 - Institut Europ\u00e9en des Musiques Juives","robots":{"index":"index","follow":"follow","max-snippet":"max-snippet:-1","max-image-preview":"max-image-preview:large","max-video-preview":"max-video-preview:-1"},"canonical":"https:\/\/www.iemj.org\/it\/coplas-sefardies-de-alberto-hemsi-vol-1\/","og_locale":"it_IT","og_type":"article","og_title":"Coplas Sefardies de Alberto Hemsi - Vol.1 - Institut Europ\u00e9en des Musiques Juives","og_description":"Con la registrazione delle Coplas Sefardies di Alberto Hemsi, Assaf Levitin (cantore della sinagoga liberale di Hannover) ed il pianista Naaman Wagner ci fanno riscoprire un mondo della cultura ebraica","og_url":"https:\/\/www.iemj.org\/it\/coplas-sefardies-de-alberto-hemsi-vol-1\/","og_site_name":"Institut Europ\u00e9en des Musiques Juives","article_publisher":"https:\/\/www.facebook.com\/MusiquesJuives\/","article_published_time":"2018-03-19T16:50:47+00:00","article_modified_time":"2025-02-25T14:34:03+00:00","og_image":[{"width":350,"height":337,"url":"https:\/\/www.iemj.org\/wp-content\/uploads\/2018\/03\/arton3239-e1619186177465.jpg","type":"image\/jpeg"}],"author":"Jean-Gabriel Davis","twitter_card":"summary_large_image","twitter_misc":{"Scritto da":"Jean-Gabriel Davis","Tempo di lettura stimato":"2 minuti"},"schema":{"@context":"https:\/\/schema.org","@graph":[{"@type":"Article","@id":"https:\/\/www.iemj.org\/it\/coplas-sefardies-de-alberto-hemsi-vol-1\/#article","isPartOf":{"@id":"https:\/\/www.iemj.org\/it\/coplas-sefardies-de-alberto-hemsi-vol-1\/"},"author":{"name":"Jean-Gabriel Davis","@id":"https:\/\/www.iemj.org\/it\/#\/schema\/person\/c9bc1c386a3749579a2d675e72a18666"},"headline":"Coplas Sefardies de Alberto Hemsi &#8211; Vol.1","datePublished":"2018-03-19T16:50:47+00:00","dateModified":"2025-02-25T14:34:03+00:00","mainEntityOfPage":{"@id":"https:\/\/www.iemj.org\/it\/coplas-sefardies-de-alberto-hemsi-vol-1\/"},"wordCount":277,"publisher":{"@id":"https:\/\/www.iemj.org\/it\/#organization"},"image":{"@id":"https:\/\/www.iemj.org\/it\/coplas-sefardies-de-alberto-hemsi-vol-1\/#primaryimage"},"thumbnailUrl":"https:\/\/www.iemj.org\/wp-content\/uploads\/2018\/03\/arton3239-e1619186177465.jpg","articleSection":["CD","Ultimi acquisti"],"inLanguage":"it-IT"},{"@type":"WebPage","@id":"https:\/\/www.iemj.org\/it\/coplas-sefardies-de-alberto-hemsi-vol-1\/","url":"https:\/\/www.iemj.org\/it\/coplas-sefardies-de-alberto-hemsi-vol-1\/","name":"Coplas Sefardies de Alberto Hemsi - Vol.1 - Institut Europ\u00e9en des Musiques Juives","isPartOf":{"@id":"https:\/\/www.iemj.org\/it\/#website"},"primaryImageOfPage":{"@id":"https:\/\/www.iemj.org\/it\/coplas-sefardies-de-alberto-hemsi-vol-1\/#primaryimage"},"image":{"@id":"https:\/\/www.iemj.org\/it\/coplas-sefardies-de-alberto-hemsi-vol-1\/#primaryimage"},"thumbnailUrl":"https:\/\/www.iemj.org\/wp-content\/uploads\/2018\/03\/arton3239-e1619186177465.jpg","datePublished":"2018-03-19T16:50:47+00:00","dateModified":"2025-02-25T14:34:03+00:00","breadcrumb":{"@id":"https:\/\/www.iemj.org\/it\/coplas-sefardies-de-alberto-hemsi-vol-1\/#breadcrumb"},"inLanguage":"it-IT","potentialAction":[{"@type":"ReadAction","target":["https:\/\/www.iemj.org\/it\/coplas-sefardies-de-alberto-hemsi-vol-1\/"]}]},{"@type":"ImageObject","inLanguage":"it-IT","@id":"https:\/\/www.iemj.org\/it\/coplas-sefardies-de-alberto-hemsi-vol-1\/#primaryimage","url":"https:\/\/www.iemj.org\/wp-content\/uploads\/2018\/03\/arton3239-e1619186177465.jpg","contentUrl":"https:\/\/www.iemj.org\/wp-content\/uploads\/2018\/03\/arton3239-e1619186177465.jpg","width":350,"height":337},{"@type":"BreadcrumbList","@id":"https:\/\/www.iemj.org\/it\/coplas-sefardies-de-alberto-hemsi-vol-1\/#breadcrumb","itemListElement":[{"@type":"ListItem","position":1,"name":"Accueil","item":"https:\/\/www.iemj.org\/it\/"},{"@type":"ListItem","position":2,"name":"Coplas Sefardies de Alberto Hemsi &#8211; Vol.1"}]},{"@type":"WebSite","@id":"https:\/\/www.iemj.org\/it\/#website","url":"https:\/\/www.iemj.org\/it\/","name":"Institut Europ\u00e9en des Musiques Juives","description":"Des traditions musicales \u00e0 la port\u00e9e de tous","publisher":{"@id":"https:\/\/www.iemj.org\/it\/#organization"},"potentialAction":[{"@type":"SearchAction","target":{"@type":"EntryPoint","urlTemplate":"https:\/\/www.iemj.org\/it\/?s={search_term_string}"},"query-input":{"@type":"PropertyValueSpecification","valueRequired":true,"valueName":"search_term_string"}}],"inLanguage":"it-IT"},{"@type":"Organization","@id":"https:\/\/www.iemj.org\/it\/#organization","name":"Institut Europ\u00e9en des Musiques Juives","url":"https:\/\/www.iemj.org\/it\/","logo":{"@type":"ImageObject","inLanguage":"it-IT","@id":"https:\/\/www.iemj.org\/it\/#\/schema\/logo\/image\/","url":"https:\/\/www.iemj.org\/wp-content\/uploads\/2021\/09\/Logo-IEMJ-Paypal.jpg","contentUrl":"https:\/\/www.iemj.org\/wp-content\/uploads\/2021\/09\/Logo-IEMJ-Paypal.jpg","width":150,"height":50,"caption":"Institut Europ\u00e9en des Musiques Juives"},"image":{"@id":"https:\/\/www.iemj.org\/it\/#\/schema\/logo\/image\/"},"sameAs":["https:\/\/www.facebook.com\/MusiquesJuives\/","https:\/\/www.instagram.com\/musiquesjuives\/","https:\/\/www.youtube.com\/user\/musiquesjuives"]},{"@type":"Person","@id":"https:\/\/www.iemj.org\/it\/#\/schema\/person\/c9bc1c386a3749579a2d675e72a18666","name":"Jean-Gabriel Davis","image":{"@type":"ImageObject","inLanguage":"it-IT","@id":"https:\/\/secure.gravatar.com\/avatar\/2b90d67bdf392c9b3a21fab87c0fa7edaf1fb3a058172a1ffd61033fcec7aec1?s=96&d=mm&r=g","url":"https:\/\/secure.gravatar.com\/avatar\/2b90d67bdf392c9b3a21fab87c0fa7edaf1fb3a058172a1ffd61033fcec7aec1?s=96&d=mm&r=g","contentUrl":"https:\/\/secure.gravatar.com\/avatar\/2b90d67bdf392c9b3a21fab87c0fa7edaf1fb3a058172a1ffd61033fcec7aec1?s=96&d=mm&r=g","caption":"Jean-Gabriel Davis"}}]}},"_links":{"self":[{"href":"https:\/\/www.iemj.org\/it\/wp-json\/wp\/v2\/posts\/99818","targetHints":{"allow":["GET"]}}],"collection":[{"href":"https:\/\/www.iemj.org\/it\/wp-json\/wp\/v2\/posts"}],"about":[{"href":"https:\/\/www.iemj.org\/it\/wp-json\/wp\/v2\/types\/post"}],"author":[{"embeddable":true,"href":"https:\/\/www.iemj.org\/it\/wp-json\/wp\/v2\/users\/1048"}],"replies":[{"embeddable":true,"href":"https:\/\/www.iemj.org\/it\/wp-json\/wp\/v2\/comments?post=99818"}],"version-history":[{"count":0,"href":"https:\/\/www.iemj.org\/it\/wp-json\/wp\/v2\/posts\/99818\/revisions"}],"wp:featuredmedia":[{"embeddable":true,"href":"https:\/\/www.iemj.org\/it\/wp-json\/wp\/v2\/media\/99819"}],"wp:attachment":[{"href":"https:\/\/www.iemj.org\/it\/wp-json\/wp\/v2\/media?parent=99818"}],"wp:term":[{"taxonomy":"category","embeddable":true,"href":"https:\/\/www.iemj.org\/it\/wp-json\/wp\/v2\/categories?post=99818"},{"taxonomy":"post_tag","embeddable":true,"href":"https:\/\/www.iemj.org\/it\/wp-json\/wp\/v2\/tags?post=99818"},{"taxonomy":"technique","embeddable":true,"href":"https:\/\/www.iemj.org\/it\/wp-json\/wp\/v2\/technique?post=99818"},{"taxonomy":"squelettes","embeddable":true,"href":"https:\/\/www.iemj.org\/it\/wp-json\/wp\/v2\/squelettes?post=99818"},{"taxonomy":"sujet","embeddable":true,"href":"https:\/\/www.iemj.org\/it\/wp-json\/wp\/v2\/sujet?post=99818"},{"taxonomy":"formation","embeddable":true,"href":"https:\/\/www.iemj.org\/it\/wp-json\/wp\/v2\/formation?post=99818"},{"taxonomy":"genre","embeddable":true,"href":"https:\/\/www.iemj.org\/it\/wp-json\/wp\/v2\/genre?post=99818"},{"taxonomy":"fonds","embeddable":true,"href":"https:\/\/www.iemj.org\/it\/wp-json\/wp\/v2\/fonds?post=99818"},{"taxonomy":"tradition","embeddable":true,"href":"https:\/\/www.iemj.org\/it\/wp-json\/wp\/v2\/tradition?post=99818"},{"taxonomy":"type-de-contenu","embeddable":true,"href":"https:\/\/www.iemj.org\/it\/wp-json\/wp\/v2\/type-de-contenu?post=99818"},{"taxonomy":"interprete-compositeur","embeddable":true,"href":"https:\/\/www.iemj.org\/it\/wp-json\/wp\/v2\/interprete-compositeur?post=99818"},{"taxonomy":"frise","embeddable":true,"href":"https:\/\/www.iemj.org\/it\/wp-json\/wp\/v2\/frise?post=99818"},{"taxonomy":"type-devenement","embeddable":true,"href":"https:\/\/www.iemj.org\/it\/wp-json\/wp\/v2\/type-devenement?post=99818"},{"taxonomy":"tableaux-liens-externes","embeddable":true,"href":"https:\/\/www.iemj.org\/it\/wp-json\/wp\/v2\/tableaux-liens-externes?post=99818"}],"curies":[{"name":"wp","href":"https:\/\/api.w.org\/{rel}","templated":true}]}}